{"id":19739,"date":"2025-02-17T17:17:20","date_gmt":"2025-02-17T14:17:20","guid":{"rendered":"https:\/\/www.egemtv.com\/?p=19739"},"modified":"2025-02-17T17:17:25","modified_gmt":"2025-02-17T14:17:25","slug":"denizlide-geleneksel-muharrem-camli-satranc-turnuvasi-gerceklestirildi","status":"publish","type":"post","link":"https:\/\/www.egemtv.com\/?p=19739","title":{"rendered":"Denizli\u2019de geleneksel Muharrem \u00c7aml\u0131 Satran\u00e7 Turnuvas\u0131 ger\u00e7ekle\u015ftirildi"},"content":{"rendered":"<p>Denizli\u2019de geleneksel olarak yap\u0131lan Muharrem \u00c7aml\u0131 Satran\u00e7 Turnuvas\u0131n\u0131n 3\u2019\u00fcnc\u00fcs\u00fc d\u00fczenlendi. 2 g\u00fcn s\u00fcren turnuvan\u0131n sonunda derece giren sporculara \u00f6d\u00fclleri takdim edildi.<br \/>\n<br \/>Bu y\u0131l \u00fc\u00e7\u00fcnc\u00fcs\u00fc d\u00fczenlenen Geleneksel Muharrem \u00c7aml\u0131 Turnuvas\u0131, 15-16 \u015eubat tarihlerinde Cafer Sad\u0131k Abal\u0131o\u011flu E\u011fitim ve K\u00fclt\u00fcr Vakf\u0131\u2019nda yap\u0131ld\u0131. Turnuvada 110 sporcu m\u00fccadele etti.  Ya\u015fam\u0131 boyunca satran\u00e7 sporuna g\u00f6n\u00fcl vermi\u015f i\u015f insan\u0131 merhum Muharrem \u00c7aml\u0131 An\u0131s\u0131na d\u00fczenlenen turnuvan\u0131n \u00f6d\u00fcl t\u00f6reninde \u00c7aml\u0131 ailesi \u00fcyeleri, dereceye giren sporculara kupa ve madalyalar\u0131n\u0131 takdim ederken duygu dolu anlar ya\u015fad\u0131.<br \/><\/p>\n","protected":false},"excerpt":{"rendered":"<p>Denizli\u2019de geleneksel olarak yap\u0131lan Muharrem \u00c7aml\u0131 Satran\u00e7 Turnuvas\u0131n\u0131n 3\u2019\u00fcnc\u00fcs\u00fc d\u00fczenlendi. 2 g\u00fcn s\u00fcren turnuvan\u0131n sonunda derece giren sporculara \u00f6d\u00fclleri takdim edildi. Bu y\u0131l \u00fc\u00e7\u00fcnc\u00fcs\u00fc d\u00fczenlenen Geleneksel Muharrem \u00c7aml\u0131 Turnuvas\u0131, 15-16 \u015eubat tarihlerinde Cafer Sad\u0131k Abal\u0131o\u011flu E\u011fitim ve K\u00fclt\u00fcr Vakf\u0131\u2019nda yap\u0131ld\u0131. Turnuvada 110 sporcu m\u00fccadele etti. Ya\u015fam\u0131 boyunca satran\u00e7 sporuna g\u00f6n\u00fcl vermi\u015f i\u015f insan\u0131 merhum Muharrem&#8230;<\/p>\n","protected":false},"author":1,"featured_media":19740,"comment_status":"open","ping_status":"open","sticky":false,"template":"","format":"standard","meta":{"_crdt_document":"","footnotes":""},"categories":[4],"tags":[],"class_list":["post-19739","post","type-post","status-publish","format-standard","has-post-thumbnail","hentry","category-spor"],"_links":{"self":[{"href":"https:\/\/www.egemtv.com\/index.php?rest_route=\/wp\/v2\/posts\/19739","targetHints":{"allow":["GET"]}}],"collection":[{"href":"https:\/\/www.egemtv.com\/index.php?rest_route=\/wp\/v2\/posts"}],"about":[{"href":"https:\/\/www.egemtv.com\/index.php?rest_route=\/wp\/v2\/types\/post"}],"author":[{"embeddable":true,"href":"https:\/\/www.egemtv.com\/index.php?rest_route=\/wp\/v2\/users\/1"}],"replies":[{"embeddable":true,"href":"https:\/\/www.egemtv.com\/index.php?rest_route=%2Fwp%2Fv2%2Fcomments&post=19739"}],"version-history":[{"count":1,"href":"https:\/\/www.egemtv.com\/index.php?rest_route=\/wp\/v2\/posts\/19739\/revisions"}],"predecessor-version":[{"id":19741,"href":"https:\/\/www.egemtv.com\/index.php?rest_route=\/wp\/v2\/posts\/19739\/revisions\/19741"}],"wp:featuredmedia":[{"embeddable":true,"href":"https:\/\/www.egemtv.com\/index.php?rest_route=\/wp\/v2\/media\/19740"}],"wp:attachment":[{"href":"https:\/\/www.egemtv.com\/index.php?rest_route=%2Fwp%2Fv2%2Fmedia&parent=19739"}],"wp:term":[{"taxonomy":"category","embeddable":true,"href":"https:\/\/www.egemtv.com\/index.php?rest_route=%2Fwp%2Fv2%2Fcategories&post=19739"},{"taxonomy":"post_tag","embeddable":true,"href":"https:\/\/www.egemtv.com\/index.php?rest_route=%2Fwp%2Fv2%2Ftags&post=19739"}],"curies":[{"name":"wp","href":"https:\/\/api.w.org\/{rel}","templated":true}]}}