{"id":19736,"date":"2025-02-17T17:17:15","date_gmt":"2025-02-17T14:17:15","guid":{"rendered":"https:\/\/www.egemtv.com\/?p=19736"},"modified":"2025-02-17T17:17:19","modified_gmt":"2025-02-17T14:17:19","slug":"baskan-zeyrek-soz-verdi-manisa-izmir-arasi-100-tlye-indi","status":"publish","type":"post","link":"https:\/\/www.egemtv.com\/?p=19736","title":{"rendered":"Ba\u015fkan Zeyrek s\u00f6z verdi Manisa &#8211; \u0130zmir aras\u0131 100 TL\u2019ye indi"},"content":{"rendered":"<p>Manisa B\u00fcy\u00fck\u015fehir Belediye Ba\u015fkan\u0131 Mimar Ferdi Zeyrek\u2019in, yapt\u0131\u011f\u0131 giri\u015fimler sonucunda 150 TL olan Manisa-\u0130zmir aras\u0131 ula\u015f\u0131m 100 TL\u2019ye indi. Yap\u0131lan yeni d\u00fczenleme ile \u00f6\u011frenciler 80 TL kar\u015f\u0131l\u0131\u011f\u0131nda ula\u015f\u0131mlar\u0131n\u0131 sa\u011flayabilecek.<br \/>\n<br \/>Manisa B\u00fcy\u00fck\u015fehir Belediyesi, sosyal belediyecilik ve ortak \u00e7\u00f6z\u00fcm anlay\u0131\u015f\u0131 ile vatanda\u015flar\u0131n yan\u0131nda olmaya devam ediyor. Manisa B\u00fcy\u00fck\u015fehir Belediyesi, att\u0131\u011f\u0131 yeni ad\u0131m ile vatanda\u015flara ekonomik olarak da destek sa\u011flad\u0131. Manisa B\u00fcy\u00fck\u015fehir Belediye Ba\u015fkan\u0131 Mimar Ferdi Zeyrek\u2019in Manisa &#8211; \u0130zmir aras\u0131ndaki ula\u015f\u0131mda indirim s\u00f6z\u00fc \u00fczerine Manisa Seyahat ile yap\u0131lan kar\u015f\u0131l\u0131kl\u0131 g\u00f6r\u00fc\u015fmeler sonucunda indirim m\u00fcjdesi vatanda\u015flara duyuruldu. Ba\u015fkan Zeyrek, Manisa Otob\u00fcs Terminali\u2019nde yapt\u0131\u011f\u0131 \u00e7al\u0131\u015fma a\u00e7\u0131klama ile &#8220;Manisa Seyahat bug\u00fcn sabahtan itibaren Manisa-\u0130zmir aras\u0131 100 TL, \u00f6\u011frencimize ise 80 TL\u2019ye hizmet vermeye ba\u015flad\u0131&#8221; dedi.<br \/>\n<br \/>Manisa Otob\u00fcs Terminali\u2019nde yap\u0131lan a\u00e7\u0131klamaya, B\u00fcy\u00fck\u015fehir Belediye Ba\u015fkan\u0131 Ferdi Zeyrek, Manisa Seyahat Y\u00f6netim Kurulu Ba\u015fkan\u0131 Levent Zibeller ve y\u00f6netim kurulu \u00fcyeleri, belediye b\u00fcrokratlar\u0131 ile firmalar\u0131n temsilcileri kat\u0131ld\u0131. Ba\u015fkan Zeyrek, a\u00e7\u0131klamas\u0131na verdi\u011fi s\u00f6zleri yerine getirmenin mutlulu\u011funu ya\u015fad\u0131\u011f\u0131n\u0131 s\u00f6yleyerek ba\u015flad\u0131. Zeyrek, &#8220;Bana hep \u2018G\u00fcler y\u00fczl\u00fc ba\u015fkan\u2019 diyorlard\u0131. Bug\u00fcn daha \u00e7ok g\u00fcl\u00fcyorum. \u00c7\u00fcnk\u00fc verdi\u011fimiz s\u00f6zleri tek tek hayata ge\u00e7irmenin mutlulu\u011funu ya\u015f\u0131yorum. O y\u00fczden bug\u00fcn y\u00fcz\u00fcm\u00fcz daha g\u00fcler y\u00fczl\u00fc ve her zaman i\u00e7in de Manisa\u2019mdaki 1,5 milyon ki\u015finin g\u00fclmesi i\u00e7in \u00e7ok yo\u011fun \u00e7aba sarf ediyoruz. Manisa\u2019mdaki en b\u00fcy\u00fck sorunlardan biri de Manisa-\u0130zmir aras\u0131ndaki ula\u015f\u0131m \u00fccretinin pahal\u0131 olmas\u0131yd\u0131. 1,5 &#8211; 2 ay \u00f6nce Manisa Seyahat\u2019e bu \u00fccretlerde bir indirime gitmesi gerekti\u011fini s\u00f6ylemi\u015ftim. Manisa Seyahat y\u00f6netimiyle bundan \u00f6nce 2 &#8211; 3 kere oturduk, konu\u015ftuk. Onlara da bu talebimi ilettim. Bizim bu \u00e7a\u011fr\u0131m\u0131za ve vatanda\u015flar\u0131n talebine kulak verdiler, ortak bir uzla\u015f\u0131ya vard\u0131k. Bu uzla\u015f\u0131 neticesinde bug\u00fcn sabahtan itibaren Manisa-\u0130zmir aras\u0131 100 TL, \u00f6\u011frencimize ise 80 TL\u2019ye hizmet vermeye ba\u015fland\u0131. 1 y\u0131l boyunca da bu \u015fekilde devam edecek. \u20181 y\u0131l sonra ne olacak\u2019 diyorlar. 1 y\u0131l sonra o g\u00fcnk\u00fc ekonomik \u015fartlara bakar\u0131z. Manisa Seyahat y\u00f6netimimiz bu anlay\u0131\u015fta, biz de uzla\u015fmac\u0131 anlay\u0131\u015fta oldu\u011fumuz s\u00fcrece o g\u00fcn\u00fcn \u015fartlar\u0131na g\u00f6re fiyatlarda bir revizeyi yapar\u0131z&#8221; diye konu\u015ftu.<br \/>\n<br \/>Ferdi Zeyrek &#8220;\u015eunun m\u00fcjdesini veriyorum, bug\u00fcn\u00fcn tarihi \u00e7ok \u00f6nemlidir. \u00c7\u00fcnk\u00fc Manisa -\u0130zmir aras\u0131ndaki ula\u015f\u0131m\u0131n pahal\u0131l\u0131\u011f\u0131n\u0131 herkes \u2018\u00c7ok pahal\u0131\u2019 diye s\u00f6yl\u00fcyordu. \u2018Bizim sesimizi duyan yok mu\u2019 diyordu, onlar\u0131n sesini duyan bir Ferdi a\u011fabeyleri, karde\u015fleri, evlatlar\u0131 var. Ben bug\u00fcn bu fiyat\u0131n indiriminde Manisa Seyahat y\u00f6netimine ger\u00e7ekten \u00e7ok te\u015fekk\u00fcr ediyorum. Kendilerinin \u00f6zverili davran\u0131\u015f\u0131ndan dolay\u0131 \u00e7ok te\u015fekk\u00fcr ediyorum. Bug\u00fcn\u00fcn Manisa\u2019ya bir milat olarak ge\u00e7mesini de deftere yaz\u0131lmas\u0131nda arzu ediyorum&#8221; dedi.<\/p>\n<p>&#8220;Te\u015fekk\u00fcr mesajlar\u0131 geliyor&#8221;<br \/>\n<br \/>\u0130ndirim m\u00fcjdesinin verilmesinin ard\u0131ndan te\u015fekk\u00fcr mesajlar\u0131n\u0131n geldi\u011fini s\u00f6yleyen Ba\u015fkan Zeyrek, &#8220;D\u00fcn ak\u015fam te\u015fekk\u00fcr eden vatanda\u015flar\u0131m\u0131z aras\u0131nda kendi evlad\u0131m da var. Benim evlad\u0131m da Manisa Seyahat arac\u0131l\u0131\u011f\u0131yla \u0130zmir\u2019e ula\u015f\u0131m\u0131n\u0131 sa\u011fl\u0131yor. \u0130lk te\u015fekk\u00fcr eden kendi k\u0131z\u0131m oldu. Kendisine gelen mesajlar\u0131 g\u00f6sterdi. Arkada\u015flar\u0131 diyor ki \u2018Ferdi amcama \u00e7ok te\u015fekk\u00fcr et, bizim sesimizi duydu, bu ekonomik zor g\u00fcnlerde bizim yan\u0131m\u0131zda oldu, bizim yard\u0131mc\u0131m\u0131z oldu\u2019. G\u00f6revde oldu\u011fum t\u00fcm zaman s\u00fcrecinde, halk\u0131m\u0131z\u0131n sorunu, ihtiyac\u0131 neyse ben her zaman onlar\u0131n yan\u0131nda olmaya devam edece\u011fim. \u00c7\u00fcnk\u00fc derdimiz \u00e7ok, sorunlar\u0131m\u0131z \u00e7ok, ama \u015funu ifade etmek isterim ki bu dert ve sorunlar\u0131n bir\u00e7o\u011funu ben biliyorum. \u00c7\u00f6zmek zaman al\u0131yor, zaman i\u00e7inde \u00e7\u00f6z\u00fclebilecek bir \u015feydir, ancak benim yetkim ve b\u00fct\u00e7emiz dahilinde bu dertlerin hepsine derman olmak i\u00e7in biz bu yola \u00e7\u0131kt\u0131k. Manisa Seyahat ile birlikte bu protokole imza atmam\u0131za, art\u0131k ula\u015f\u0131mda ucuzlaman\u0131n, 150 TL\u2019den 100 TL\u2019den d\u00fc\u015fmesinin mutlulu\u011funu ya\u015f\u0131yorum. \u00c7\u00fcnk\u00fc verdi\u011fimiz bir s\u00f6z\u00fc daha yerine getirmi\u015f olduk&#8221; diye konu\u015ftu.<\/p>\n<p>&#8220;S\u00f6zlerimizi yerine getirmenin mutlulu\u011funu ya\u015f\u0131yoruz&#8221;<br \/>\n<br \/>Verdi\u011fi s\u00f6zleri yerine gelmesinden dolay\u0131 mutlu oldu\u011funu s\u00f6yleyen Ba\u015fkan Zeyrek, &#8220;Se\u00e7im d\u00f6neminde hep \u015funu dediler \u2018Siyaset\u00e7iler s\u00f6z verir, ama se\u00e7imden sonra s\u00f6zler unutulur\u2019. Ge\u00e7ti\u011fimiz 10 aya bak\u0131yorum ki biz verdi\u011fimiz her s\u00f6z\u00fcn arkas\u0131nday\u0131z. \u00c7\u00fcnk\u00fc o s\u00f6zleri verirken hepsini hesaplam\u0131\u015ft\u0131k biz bunlar\u0131n, bug\u00fcnlere gelece\u011fimizi ve Manisa\u2019m bizim g\u00f6revde bulundu\u011fumuz s\u00fcre i\u00e7inde de bu s\u00f6zlerin tek tek hepsinin yerine getirildi\u011fini g\u00f6recekler. Ve \u015funu diyecekler ki \u2018Ba\u015fkan\u0131m att\u0131\u011f\u0131m\u0131z oy size helal olsun\u2019. Biz bu oylar\u0131n helalli\u011fini almak i\u00e7in bir yola \u00e7\u0131km\u0131\u015ft\u0131k ve bug\u00fcn de Manisa Seyahat ile birlikte bir s\u00f6z\u00fcm\u00fcz\u00fc daha yerine getirmenin mutlulu\u011funu ya\u015f\u0131yorum. \u0130yi ki vatanda\u015f\u0131m\u0131z\u0131n sesini duydunuz iyi ki \u00f6zverili davran\u0131\u015f\u0131n\u0131zdan dolay\u0131 size te\u015fekk\u00fcr\u00fc bir bor\u00e7 bilirim&#8221; diyerek s\u00f6zlerini tutmaya devam edeceklerini vurgulad\u0131.<\/p>\n<p>&#8220;Belediyenin cebinden \u00e7\u0131kan para yok&#8221;<br \/>\n<br \/>Gelen soru \u00fczerine a\u00e7\u0131klamada bulunan Ba\u015fkan Zeyrek, &#8220;Biz bu indirimi yaparken Manisa B\u00fcy\u00fck\u015fehir Belediyesi\u2019nin cebinden \u00e7\u0131kan bir para yok. Sadece Manisa Seyahat\u2019e bu fiyatlar\u0131n geri gelmesi gereklili\u011fini ifade etti\u011fimizde kendileri de \u2018Biz bir \u00e7al\u0131\u015fmam\u0131z\u0131 yapal\u0131m, hangi fiyatlara d\u00fc\u015f\u00fcr\u00fcr\u00fcz\u2019 diye ifade ettiler. Bir sonraki g\u00f6r\u00fc\u015fmemizde de fiyatlar\u0131 100 liraya mutab\u0131k kald\u0131k. \u00d6\u011frenci fiyat\u0131m\u0131z 90 lirayd\u0131. D\u00fcn biliyorsunuz Kula\u2019n\u0131n tan\u0131t\u0131m\u0131 a\u00e7\u0131s\u0131ndan \u00f6nemliydi. Manisa\u2019m\u0131z\u0131n turizmi a\u00e7\u0131s\u0131ndan \u00e7ok \u00f6nemli bir programd\u0131. Sa\u011f olsun Genel Ba\u015fkan\u0131m\u0131z \u00d6zg\u00fcr \u00d6zel de e\u015flik etti. Oradaki \u00f6\u011frenci karde\u015flerimiz \u015fu ricada bulundu. Serhan Asker\u2019e dediler ki \u2018Sen bizim sesimiz ol, Ba\u015fkan\u0131m\u0131za bunu ifade et, 10 lira daha d\u00fc\u015f\u00fcr\u00fclebilir miyiz\u2019 dediler, o da benim Manisa Seyahat\u2019ten \u00f6zel bir ricam olacak, \u00f6\u011frenci fiyat\u0131m\u0131z da 80 liraya d\u00fc\u015ft\u00fc&#8221; ifadelerini kulland\u0131.<\/p>\n<p>&#8220;Bir\u00e7ok projeye imza ataca\u011f\u0131z&#8221;<br \/>\n<br \/>Manisa Seyahat Y\u00f6netim Kurulu Ba\u015fkan\u0131 Levent Zibeller ise Ba\u015fkan Zeyrek ile bir araya geldiklerini ve projeler \u00fcrettiklerini s\u00f6yledi. Zibeller, &#8220;Bu projenin birinci aya\u011f\u0131. \u00c7ok farkl\u0131 projelerde B\u00fcy\u00fck\u015fehir ve Manisa Seyahat el ele vermek \u00fczere \u00e7ok g\u00fczel projelere imza ataca\u011f\u0131z&#8221; dedi.<br \/>\n<br \/>T\u00f6renin ard\u0131ndan B\u00fcy\u00fck\u015fehir Belediye Ba\u015fkan\u0131 Ferdi Zeyrek, Manisa &#8211; \u0130zmir seferini yapan otob\u00fcse binerek yolcularla da sohbet etti. Yolcular, indirimden duyduklar\u0131 memnuniyeti dile getirerek Zeyrek\u2019e te\u015fekk\u00fcr etti.<br \/><\/p>\n","protected":false},"excerpt":{"rendered":"<p>Manisa B\u00fcy\u00fck\u015fehir Belediye Ba\u015fkan\u0131 Mimar Ferdi Zeyrek\u2019in, yapt\u0131\u011f\u0131 giri\u015fimler sonucunda 150 TL olan Manisa-\u0130zmir aras\u0131 ula\u015f\u0131m 100 TL\u2019ye indi. Yap\u0131lan yeni d\u00fczenleme ile \u00f6\u011frenciler 80 TL kar\u015f\u0131l\u0131\u011f\u0131nda ula\u015f\u0131mlar\u0131n\u0131 sa\u011flayabilecek. Manisa B\u00fcy\u00fck\u015fehir Belediyesi, sosyal belediyecilik ve ortak \u00e7\u00f6z\u00fcm anlay\u0131\u015f\u0131 ile vatanda\u015flar\u0131n yan\u0131nda olmaya devam ediyor. Manisa B\u00fcy\u00fck\u015fehir Belediyesi, att\u0131\u011f\u0131 yeni ad\u0131m ile vatanda\u015flara ekonomik olarak da&#8230;<\/p>\n","protected":false},"author":1,"featured_media":19737,"comment_status":"open","ping_status":"open","sticky":false,"template":"","format":"standard","meta":{"_crdt_document":"","footnotes":""},"categories":[1],"tags":[],"class_list":["post-19736","post","type-post","status-publish","format-standard","has-post-thumbnail","hentry","category-guncel"],"_links":{"self":[{"href":"https:\/\/www.egemtv.com\/index.php?rest_route=\/wp\/v2\/posts\/19736","targetHints":{"allow":["GET"]}}],"collection":[{"href":"https:\/\/www.egemtv.com\/index.php?rest_route=\/wp\/v2\/posts"}],"about":[{"href":"https:\/\/www.egemtv.com\/index.php?rest_route=\/wp\/v2\/types\/post"}],"author":[{"embeddable":true,"href":"https:\/\/www.egemtv.com\/index.php?rest_route=\/wp\/v2\/users\/1"}],"replies":[{"embeddable":true,"href":"https:\/\/www.egemtv.com\/index.php?rest_route=%2Fwp%2Fv2%2Fcomments&post=19736"}],"version-history":[{"count":1,"href":"https:\/\/www.egemtv.com\/index.php?rest_route=\/wp\/v2\/posts\/19736\/revisions"}],"predecessor-version":[{"id":19738,"href":"https:\/\/www.egemtv.com\/index.php?rest_route=\/wp\/v2\/posts\/19736\/revisions\/19738"}],"wp:featuredmedia":[{"embeddable":true,"href":"https:\/\/www.egemtv.com\/index.php?rest_route=\/wp\/v2\/media\/19737"}],"wp:attachment":[{"href":"https:\/\/www.egemtv.com\/index.php?rest_route=%2Fwp%2Fv2%2Fmedia&parent=19736"}],"wp:term":[{"taxonomy":"category","embeddable":true,"href":"https:\/\/www.egemtv.com\/index.php?rest_route=%2Fwp%2Fv2%2Fcategories&post=19736"},{"taxonomy":"post_tag","embeddable":true,"href":"https:\/\/www.egemtv.com\/index.php?rest_route=%2Fwp%2Fv2%2Ftags&post=19736"}],"curies":[{"name":"wp","href":"https:\/\/api.w.org\/{rel}","templated":true}]}}