{"id":19730,"date":"2025-02-17T17:02:18","date_gmt":"2025-02-17T14:02:18","guid":{"rendered":"https:\/\/www.egemtv.com\/?p=19730"},"modified":"2025-02-17T17:02:27","modified_gmt":"2025-02-17T14:02:27","slug":"eski-sevgilisini-agir-yaralayan-zanli-tutuklandi","status":"publish","type":"post","link":"https:\/\/www.egemtv.com\/?p=19730","title":{"rendered":"Eski sevgilisini a\u011f\u0131r yaralayan zanl\u0131 tutukland\u0131"},"content":{"rendered":"<p>\u0130zmir\u2019in Kemalpa\u015fa il\u00e7esinde tart\u0131\u015ft\u0131\u011f\u0131 eski sevgilisi taraf\u0131ndan karn\u0131ndan ve baca\u011f\u0131ndan b\u0131\u00e7aklanan kad\u0131n a\u011f\u0131r yaraland\u0131. Olayla ilgili g\u00f6zalt\u0131na al\u0131nan zanl\u0131 tutukland\u0131.<br \/>\n<br \/>Olay 15 \u015eubat Cumartesi g\u00fcn\u00fc Kemalpa\u015fa il\u00e7esi Sekiz Eyl\u00fcl Mahallesi\u2019nde meydana geldi. Edinilen bilgiye g\u00f6re, bir sokakta bulu\u015fan eski sevgili olan F.Y. (47) ve U.E. (33) aras\u0131nda bilinmeyen bir sebeple tart\u0131\u015fma \u00e7\u0131kt\u0131. Kavgaya d\u00f6n\u00fc\u015fen tart\u0131\u015fmada U.E. yan\u0131ndaki b\u0131\u00e7akla F.Y. isimli kad\u0131n\u0131 kar\u0131n ve bacak k\u0131sm\u0131ndan yaralayarak ka\u00e7t\u0131. \u00c7evredeki vatanda\u015flar\u0131n ihbar\u0131 \u00fczerine olay yerine 112 Acil ekipleri sevk edildi. A\u011f\u0131r yaralanan kad\u0131n sa\u011fl\u0131k ekiplerinin ilk m\u00fcdahalesinin ard\u0131ndan ambulansla Ege \u00dcniversitesi Hastanesi\u2019ne kald\u0131r\u0131ld\u0131. Olayla ilgili polis ekiplerince ba\u015flat\u0131lan soru\u015fturmada U.E. isimli \u015fah\u0131s k\u0131sa s\u00fcrede yakalayarak g\u00f6zalt\u0131na al\u0131nd\u0131. Emniyetteki i\u015flemlerinin ard\u0131ndan mahkemeye \u00e7\u0131kart\u0131lan zanl\u0131 tutuklanarak cezaevine g\u00f6nderildi. \u00d6te yandan, hayati tehlikeyi atlatan kad\u0131n\u0131n hastanedeki tedavisi s\u00fcr\u00fcyor.<br \/><\/p>\n","protected":false},"excerpt":{"rendered":"<p>\u0130zmir\u2019in Kemalpa\u015fa il\u00e7esinde tart\u0131\u015ft\u0131\u011f\u0131 eski sevgilisi taraf\u0131ndan karn\u0131ndan ve baca\u011f\u0131ndan b\u0131\u00e7aklanan kad\u0131n a\u011f\u0131r yaraland\u0131. Olayla ilgili g\u00f6zalt\u0131na al\u0131nan zanl\u0131 tutukland\u0131. Olay 15 \u015eubat Cumartesi g\u00fcn\u00fc Kemalpa\u015fa il\u00e7esi Sekiz Eyl\u00fcl Mahallesi\u2019nde meydana geldi. Edinilen bilgiye g\u00f6re, bir sokakta bulu\u015fan eski sevgili olan F.Y. (47) ve U.E. (33) aras\u0131nda bilinmeyen bir sebeple tart\u0131\u015fma \u00e7\u0131kt\u0131. Kavgaya d\u00f6n\u00fc\u015fen tart\u0131\u015fmada&#8230;<\/p>\n","protected":false},"author":1,"featured_media":19731,"comment_status":"open","ping_status":"open","sticky":false,"template":"","format":"standard","meta":{"_crdt_document":"","footnotes":""},"categories":[5],"tags":[],"class_list":["post-19730","post","type-post","status-publish","format-standard","has-post-thumbnail","hentry","category-asayis"],"_links":{"self":[{"href":"https:\/\/www.egemtv.com\/index.php?rest_route=\/wp\/v2\/posts\/19730","targetHints":{"allow":["GET"]}}],"collection":[{"href":"https:\/\/www.egemtv.com\/index.php?rest_route=\/wp\/v2\/posts"}],"about":[{"href":"https:\/\/www.egemtv.com\/index.php?rest_route=\/wp\/v2\/types\/post"}],"author":[{"embeddable":true,"href":"https:\/\/www.egemtv.com\/index.php?rest_route=\/wp\/v2\/users\/1"}],"replies":[{"embeddable":true,"href":"https:\/\/www.egemtv.com\/index.php?rest_route=%2Fwp%2Fv2%2Fcomments&post=19730"}],"version-history":[{"count":1,"href":"https:\/\/www.egemtv.com\/index.php?rest_route=\/wp\/v2\/posts\/19730\/revisions"}],"predecessor-version":[{"id":19732,"href":"https:\/\/www.egemtv.com\/index.php?rest_route=\/wp\/v2\/posts\/19730\/revisions\/19732"}],"wp:featuredmedia":[{"embeddable":true,"href":"https:\/\/www.egemtv.com\/index.php?rest_route=\/wp\/v2\/media\/19731"}],"wp:attachment":[{"href":"https:\/\/www.egemtv.com\/index.php?rest_route=%2Fwp%2Fv2%2Fmedia&parent=19730"}],"wp:term":[{"taxonomy":"category","embeddable":true,"href":"https:\/\/www.egemtv.com\/index.php?rest_route=%2Fwp%2Fv2%2Fcategories&post=19730"},{"taxonomy":"post_tag","embeddable":true,"href":"https:\/\/www.egemtv.com\/index.php?rest_route=%2Fwp%2Fv2%2Ftags&post=19730"}],"curies":[{"name":"wp","href":"https:\/\/api.w.org\/{rel}","templated":true}]}}