{"id":19727,"date":"2025-02-17T16:41:21","date_gmt":"2025-02-17T13:41:21","guid":{"rendered":"https:\/\/www.egemtv.com\/?p=19727"},"modified":"2025-02-17T16:41:27","modified_gmt":"2025-02-17T13:41:27","slug":"okul-ve-cevrelerinde-tedbirler-alindi","status":"publish","type":"post","link":"https:\/\/www.egemtv.com\/?p=19727","title":{"rendered":"Okul ve \u00e7evrelerinde tedbirler al\u0131nd\u0131"},"content":{"rendered":"<p>Manisa\u2019da e\u011fitim-\u00f6\u011fretimin huzur ve g\u00fcven i\u00e7erisinde s\u00fcrd\u00fcr\u00fclebilmesi, \u00f6\u011frencilerin okul \u00e7evrelerinde maruz kalabilecekleri her t\u00fcrl\u00fc olumsuzlu\u011fun \u00f6nlenmesi ve trafik g\u00fcvenli\u011finin art\u0131r\u0131lmas\u0131na ili\u015fkin tedbirler, Vali Vahdettin \u00d6zkan ba\u015fkanl\u0131\u011f\u0131nda ger\u00e7ekle\u015ftirilen 2024-2025 E\u011fitim-\u00d6\u011fretim Y\u0131l\u0131 \u0130kinci D\u00f6nem G\u00fcvenlik Tedbirleri Toplant\u0131s\u0131nda de\u011ferlendirildi.<br \/>\n<br \/>Vali \u00d6zkan, \u00e7ocuklar\u0131n g\u00fcvenli bir ortamda e\u011fitim alabilmeleri i\u00e7in t\u00fcm kurumlar\u0131n\u0131n koordineli bir \u015fekilde \u00e7al\u0131\u015ft\u0131\u011f\u0131na dikkat \u00e7ekti.<br \/>\n<br \/>Manisa \u0130l Emniyet M\u00fcd\u00fcrl\u00fc\u011f\u00fc Toplant\u0131 Salonunda ger\u00e7ekle\u015fen Toplant\u0131ya Vali Vahdettin \u00d6zkan\u2019\u0131n yan\u0131 s\u0131ra \u0130l Jandarma Komutan\u0131 Tu\u011fgeneral \u0130lhan \u015een, Vali Yard\u0131mc\u0131lar\u0131 Mustafa Harputlu, Ayd\u0131n Mem\u00fck, \u0130l Emniyet M\u00fcd\u00fcr\u00fc Fahri Akta\u015f, \u0130l Milli E\u011fitim M\u00fcd\u00fcr\u00fc Mehmet U\u011furelli, okul y\u00f6neticileri ve okul-aile birli\u011fi ba\u015fkanlar\u0131 kat\u0131ld\u0131.<br \/>\n<br \/>Toplant\u0131n\u0131n a\u00e7\u0131l\u0131\u015f konu\u015fmas\u0131n\u0131 yapan Vali Vahdettin \u00d6zkan, \u00e7ocuklar\u0131n g\u00fcvenli bir ortamda e\u011fitim almas\u0131n\u0131n \u00f6nemine dikkat \u00e7ekti. Vali \u00d6zkan, e\u011fitim \u00f6\u011fretim y\u0131l\u0131n\u0131n ikinci d\u00f6neminde \u00e7ocuklar\u0131n sa\u011fl\u0131kl\u0131 bir \u015fekilde yeti\u015fmeleri i\u00e7in her birim ve kurumun \u00fczerine d\u00fc\u015fen sorumlulu\u011fu en iyi \u015fekilde yerine getirece\u011fini ifade etti.<\/p>\n<p>&#8220;E\u011fitimde ba\u015far\u0131 i\u00e7in, t\u00fcm toplumun el birli\u011fiyle hareket etmesi gerekiyor&#8221;<br \/>\n<br \/>Okul ve \u00e7evrelerinin g\u00fcvenli\u011fi i\u00e7in yap\u0131lan \u00e7al\u0131\u015fmalar\u0131 de\u011ferlendiren Vali \u00d6zkan, &#8220;\u00c7ocuklar\u0131m\u0131z\u0131n huzur i\u00e7erisinde e\u011fitim alabilmesi i\u00e7in devletimizin yapt\u0131\u011f\u0131 yat\u0131r\u0131mlar, ilgili bakanl\u0131klar\u0131m\u0131z\u0131n olu\u015fturmu\u015f oldu\u011fu nitelikli fiziki altyap\u0131lar, bilgiye eri\u015fim ve teknolojik altyap\u0131lar \u00e7ok \u00f6nemlidir. Bu s\u00fcre\u00e7te, en b\u00fcy\u00fck duyarl\u0131l\u0131\u011f\u0131 g\u00f6sterenler anneler, babalar ve \u00f6\u011fretmenlerimizdir. E\u011fitimde ba\u015far\u0131 i\u00e7in, t\u00fcm toplumun el birli\u011fiyle hareket etmesi gerekiyor.&#8221; dedi.<br \/>\n<br \/>Toplant\u0131da, kurumlar aras\u0131ndaki i\u015f birli\u011finin \u00f6nemini de vurgulayan Vali \u00d6zkan, devletin b\u00fct\u00fcn kurumlar\u0131n\u0131n koordineli bir \u015fekilde \u00e7al\u0131\u015farak e\u011fitime katk\u0131 sa\u011flad\u0131\u011f\u0131n\u0131, kendisinin de y\u00fcr\u00fct\u00fclen \u00e7al\u0131\u015fmalar\u0131 bizzat takip etti\u011fini ifade etti.<br \/>\n<br \/>Toplant\u0131, \u0130l Emniyet M\u00fcd\u00fcrl\u00fc\u011f\u00fc ve \u0130l Jandarma Komutanl\u0131\u011f\u0131n\u0131n ilgili birimleri taraf\u0131ndan al\u0131nan asayi\u015f ve trafik tedbirlerinin sunumu ve al\u0131nacak yeni kararlar\u0131n de\u011ferlendirilmesi ile sona erdi.<br \/><\/p>\n","protected":false},"excerpt":{"rendered":"<p>Manisa\u2019da e\u011fitim-\u00f6\u011fretimin huzur ve g\u00fcven i\u00e7erisinde s\u00fcrd\u00fcr\u00fclebilmesi, \u00f6\u011frencilerin okul \u00e7evrelerinde maruz kalabilecekleri her t\u00fcrl\u00fc olumsuzlu\u011fun \u00f6nlenmesi ve trafik g\u00fcvenli\u011finin art\u0131r\u0131lmas\u0131na ili\u015fkin tedbirler, Vali Vahdettin \u00d6zkan ba\u015fkanl\u0131\u011f\u0131nda ger\u00e7ekle\u015ftirilen 2024-2025 E\u011fitim-\u00d6\u011fretim Y\u0131l\u0131 \u0130kinci D\u00f6nem G\u00fcvenlik Tedbirleri Toplant\u0131s\u0131nda de\u011ferlendirildi. Vali \u00d6zkan, \u00e7ocuklar\u0131n g\u00fcvenli bir ortamda e\u011fitim alabilmeleri i\u00e7in t\u00fcm kurumlar\u0131n\u0131n koordineli bir \u015fekilde \u00e7al\u0131\u015ft\u0131\u011f\u0131na dikkat \u00e7ekti. Manisa \u0130l&#8230;<\/p>\n","protected":false},"author":1,"featured_media":19728,"comment_status":"open","ping_status":"open","sticky":false,"template":"","format":"standard","meta":{"_crdt_document":"","footnotes":""},"categories":[1],"tags":[],"class_list":["post-19727","post","type-post","status-publish","format-standard","has-post-thumbnail","hentry","category-guncel"],"_links":{"self":[{"href":"https:\/\/www.egemtv.com\/index.php?rest_route=\/wp\/v2\/posts\/19727","targetHints":{"allow":["GET"]}}],"collection":[{"href":"https:\/\/www.egemtv.com\/index.php?rest_route=\/wp\/v2\/posts"}],"about":[{"href":"https:\/\/www.egemtv.com\/index.php?rest_route=\/wp\/v2\/types\/post"}],"author":[{"embeddable":true,"href":"https:\/\/www.egemtv.com\/index.php?rest_route=\/wp\/v2\/users\/1"}],"replies":[{"embeddable":true,"href":"https:\/\/www.egemtv.com\/index.php?rest_route=%2Fwp%2Fv2%2Fcomments&post=19727"}],"version-history":[{"count":1,"href":"https:\/\/www.egemtv.com\/index.php?rest_route=\/wp\/v2\/posts\/19727\/revisions"}],"predecessor-version":[{"id":19729,"href":"https:\/\/www.egemtv.com\/index.php?rest_route=\/wp\/v2\/posts\/19727\/revisions\/19729"}],"wp:featuredmedia":[{"embeddable":true,"href":"https:\/\/www.egemtv.com\/index.php?rest_route=\/wp\/v2\/media\/19728"}],"wp:attachment":[{"href":"https:\/\/www.egemtv.com\/index.php?rest_route=%2Fwp%2Fv2%2Fmedia&parent=19727"}],"wp:term":[{"taxonomy":"category","embeddable":true,"href":"https:\/\/www.egemtv.com\/index.php?rest_route=%2Fwp%2Fv2%2Fcategories&post=19727"},{"taxonomy":"post_tag","embeddable":true,"href":"https:\/\/www.egemtv.com\/index.php?rest_route=%2Fwp%2Fv2%2Ftags&post=19727"}],"curies":[{"name":"wp","href":"https:\/\/api.w.org\/{rel}","templated":true}]}}