{"id":19724,"date":"2025-02-17T16:41:16","date_gmt":"2025-02-17T13:41:16","guid":{"rendered":"https:\/\/www.egemtv.com\/?p=19724"},"modified":"2025-02-17T16:41:21","modified_gmt":"2025-02-17T13:41:21","slug":"asev-thm-korosundan-turku-soleni","status":"publish","type":"post","link":"https:\/\/www.egemtv.com\/?p=19724","title":{"rendered":"ASEV THM Korosu\u2019ndan t\u00fcrk\u00fc \u015f\u00f6leni"},"content":{"rendered":"<p>Alia\u011fa Belediyesi\u2019nin k\u00fclt\u00fcr sanat etkinlikleri kapsam\u0131nda sahne alan Alia\u011fa Belediyesi Sanatevi (ASEV) T\u00fcrk Halk M\u00fczi\u011fi (THM) Korosu t\u00fcrk\u00fc tutkunlar\u0131na unutulmaz bir gece ya\u015fatt\u0131.<br \/>\n<br \/>Alia\u011fa T\u00fcpra\u015f Halk E\u011fitimi Merkezi\u2019nde d\u00fczenlenen konsere Alia\u011fa Belediye Ba\u015fkan Yard\u0131mc\u0131s\u0131 Mesut \u00d6zt\u00fcrk, Alia\u011fa Belediyesi Personel \u015eirketi Y\u00f6netim Kurulu Ba\u015fkan\u0131 Mehmedali \u00d6zkurt, Alia\u011fa Belediyesi K\u00fclt\u00fcr ve Sosyal \u0130\u015fleri M\u00fcd\u00fcr\u00fc Serap Cerraho\u011flu ve \u00e7ok say\u0131da t\u00fcrk\u00fc sever kat\u0131ld\u0131. Anadolu\u2019nun farkl\u0131 y\u00f6relerinden derlenen birbirinden de\u011ferli eserler ASEV THM korosu taraf\u0131ndan seslendirildi. Salonu dolduran t\u00fcrk\u00fc tutkunlar\u0131, koronun s\u00f6yledi\u011fi t\u00fcm \u015fark\u0131lara e\u015flik etti. ASEV THM E\u011fitmeni Ali Hikmet G\u00f6k\u00e7en y\u00f6netiminde ger\u00e7ekle\u015ftirilen konserin repertuar\u0131nda 22 eser yer ald\u0131. Kimi zaman koro kimi zaman solo halinde icra edilen konser, Trabzon y\u00f6resinden \u2018Kahveciler Kahve Koyar Fincana\u2019 adl\u0131 par\u00e7ayla ba\u015flad\u0131. Yakla\u015f\u0131k iki saat s\u00fcren konser, A\u011fr\u0131 y\u00f6resine ait \u2018Tarama Yar Tarama\u2019 adl\u0131 par\u00e7ayla son buldu. Dinleyenlere t\u00fcrk\u00fc ziyafeti sunan konser sonunda koristler ayakta alk\u0131\u015fland\u0131. Konserin son b\u00f6l\u00fcmlerinde davet \u00fczerine sahneye gelen Alia\u011fa Belediye Ba\u015fkan Yard\u0131mc\u0131s\u0131 Mesut \u00d6zt\u00fcrk, koristler ba\u015fta olmak \u00fczere konserin ger\u00e7ekle\u015fmesinde eme\u011fi olan herkese te\u015fekk\u00fcr ederek koro \u015fefi Ali Hikmet G\u00f6k\u00e7en\u2019e \u00e7i\u00e7ek takdim etti.<br \/><\/p>\n","protected":false},"excerpt":{"rendered":"<p>Alia\u011fa Belediyesi\u2019nin k\u00fclt\u00fcr sanat etkinlikleri kapsam\u0131nda sahne alan Alia\u011fa Belediyesi Sanatevi (ASEV) T\u00fcrk Halk M\u00fczi\u011fi (THM) Korosu t\u00fcrk\u00fc tutkunlar\u0131na unutulmaz bir gece ya\u015fatt\u0131. Alia\u011fa T\u00fcpra\u015f Halk E\u011fitimi Merkezi\u2019nde d\u00fczenlenen konsere Alia\u011fa Belediye Ba\u015fkan Yard\u0131mc\u0131s\u0131 Mesut \u00d6zt\u00fcrk, Alia\u011fa Belediyesi Personel \u015eirketi Y\u00f6netim Kurulu Ba\u015fkan\u0131 Mehmedali \u00d6zkurt, Alia\u011fa Belediyesi K\u00fclt\u00fcr ve Sosyal \u0130\u015fleri M\u00fcd\u00fcr\u00fc Serap Cerraho\u011flu ve&#8230;<\/p>\n","protected":false},"author":1,"featured_media":19725,"comment_status":"open","ping_status":"open","sticky":false,"template":"","format":"standard","meta":{"_crdt_document":"","footnotes":""},"categories":[1],"tags":[],"class_list":["post-19724","post","type-post","status-publish","format-standard","has-post-thumbnail","hentry","category-guncel"],"_links":{"self":[{"href":"https:\/\/www.egemtv.com\/index.php?rest_route=\/wp\/v2\/posts\/19724","targetHints":{"allow":["GET"]}}],"collection":[{"href":"https:\/\/www.egemtv.com\/index.php?rest_route=\/wp\/v2\/posts"}],"about":[{"href":"https:\/\/www.egemtv.com\/index.php?rest_route=\/wp\/v2\/types\/post"}],"author":[{"embeddable":true,"href":"https:\/\/www.egemtv.com\/index.php?rest_route=\/wp\/v2\/users\/1"}],"replies":[{"embeddable":true,"href":"https:\/\/www.egemtv.com\/index.php?rest_route=%2Fwp%2Fv2%2Fcomments&post=19724"}],"version-history":[{"count":1,"href":"https:\/\/www.egemtv.com\/index.php?rest_route=\/wp\/v2\/posts\/19724\/revisions"}],"predecessor-version":[{"id":19726,"href":"https:\/\/www.egemtv.com\/index.php?rest_route=\/wp\/v2\/posts\/19724\/revisions\/19726"}],"wp:featuredmedia":[{"embeddable":true,"href":"https:\/\/www.egemtv.com\/index.php?rest_route=\/wp\/v2\/media\/19725"}],"wp:attachment":[{"href":"https:\/\/www.egemtv.com\/index.php?rest_route=%2Fwp%2Fv2%2Fmedia&parent=19724"}],"wp:term":[{"taxonomy":"category","embeddable":true,"href":"https:\/\/www.egemtv.com\/index.php?rest_route=%2Fwp%2Fv2%2Fcategories&post=19724"},{"taxonomy":"post_tag","embeddable":true,"href":"https:\/\/www.egemtv.com\/index.php?rest_route=%2Fwp%2Fv2%2Ftags&post=19724"}],"curies":[{"name":"wp","href":"https:\/\/api.w.org\/{rel}","templated":true}]}}