{"id":19721,"date":"2025-02-17T16:41:11","date_gmt":"2025-02-17T13:41:11","guid":{"rendered":"https:\/\/www.egemtv.com\/?p=19721"},"modified":"2025-02-17T16:41:16","modified_gmt":"2025-02-17T13:41:16","slug":"manisada-uyusturucu-ile-yakalanan-2-supheli-tutuklandi","status":"publish","type":"post","link":"https:\/\/www.egemtv.com\/?p=19721","title":{"rendered":"Manisa\u2019da uyu\u015fturucu ile yakalanan 2 \u015f\u00fcpheli tutukland\u0131"},"content":{"rendered":"<p>Manisa\u2019n\u0131n Salihli il\u00e7esinde polis ekiplerinin \u015f\u00fcphe \u00fczerine durdurup arama yapt\u0131\u011f\u0131 \u015f\u00fcphelilerden 35 gram metamfetamin \u00e7\u0131kt\u0131. G\u00f6zalt\u0131na al\u0131nan 2 \u015f\u00fcpheli \u00e7\u0131kar\u0131ld\u0131klar\u0131 mahkemece tutukland\u0131.<br \/>\n<br \/>Uyu\u015fturucu veya uyar\u0131c\u0131 madde ticareti yapan, nakleden ve kullanan \u015fah\u0131slara y\u00f6nelik \u00e7al\u0131\u015fmalar\u0131n\u0131 s\u00fcrd\u00fcren Narkotik Su\u00e7larla M\u00fccadele \u015eube M\u00fcd\u00fcrl\u00fc\u011f\u00fc ve Salihli \u0130l\u00e7e Emniyet M\u00fcd\u00fcrl\u00fc\u011f\u00fcne ba\u011fl\u0131 Narkotik Su\u00e7larla M\u00fccadele B\u00fcro Amirli\u011fi ekipleri sokak \u00e7al\u0131\u015fmas\u0131nda durumundan \u015f\u00fcphelendi\u011fi H.\u00c7.(31) ve \u015e.K.\u2019yi(36) durdurup arama yapt\u0131. \u015e\u00fcphelilerin yap\u0131lan kaba \u00fcst aramas\u0131nda 35 gram metamfetamin ele ge\u00e7irildi. 2 \u015f\u00fcpheli g\u00f6zalt\u0131na al\u0131nd\u0131.<br \/>\n<br \/>Emniyetteki i\u015flemlerinin ard\u0131ndan adliyeye sevk edilen 2 \u015f\u00fcpheli, \u00e7\u0131kar\u0131ld\u0131klar\u0131 mahkemece tutuklan\u0131p cezaevine g\u00f6nderildi.<br \/><\/p>\n","protected":false},"excerpt":{"rendered":"<p>Manisa\u2019n\u0131n Salihli il\u00e7esinde polis ekiplerinin \u015f\u00fcphe \u00fczerine durdurup arama yapt\u0131\u011f\u0131 \u015f\u00fcphelilerden 35 gram metamfetamin \u00e7\u0131kt\u0131. G\u00f6zalt\u0131na al\u0131nan 2 \u015f\u00fcpheli \u00e7\u0131kar\u0131ld\u0131klar\u0131 mahkemece tutukland\u0131. Uyu\u015fturucu veya uyar\u0131c\u0131 madde ticareti yapan, nakleden ve kullanan \u015fah\u0131slara y\u00f6nelik \u00e7al\u0131\u015fmalar\u0131n\u0131 s\u00fcrd\u00fcren Narkotik Su\u00e7larla M\u00fccadele \u015eube M\u00fcd\u00fcrl\u00fc\u011f\u00fc ve Salihli \u0130l\u00e7e Emniyet M\u00fcd\u00fcrl\u00fc\u011f\u00fcne ba\u011fl\u0131 Narkotik Su\u00e7larla M\u00fccadele B\u00fcro Amirli\u011fi ekipleri sokak \u00e7al\u0131\u015fmas\u0131nda durumundan&#8230;<\/p>\n","protected":false},"author":1,"featured_media":19722,"comment_status":"open","ping_status":"open","sticky":false,"template":"","format":"standard","meta":{"_crdt_document":"","footnotes":""},"categories":[5],"tags":[],"class_list":["post-19721","post","type-post","status-publish","format-standard","has-post-thumbnail","hentry","category-asayis"],"_links":{"self":[{"href":"https:\/\/www.egemtv.com\/index.php?rest_route=\/wp\/v2\/posts\/19721","targetHints":{"allow":["GET"]}}],"collection":[{"href":"https:\/\/www.egemtv.com\/index.php?rest_route=\/wp\/v2\/posts"}],"about":[{"href":"https:\/\/www.egemtv.com\/index.php?rest_route=\/wp\/v2\/types\/post"}],"author":[{"embeddable":true,"href":"https:\/\/www.egemtv.com\/index.php?rest_route=\/wp\/v2\/users\/1"}],"replies":[{"embeddable":true,"href":"https:\/\/www.egemtv.com\/index.php?rest_route=%2Fwp%2Fv2%2Fcomments&post=19721"}],"version-history":[{"count":1,"href":"https:\/\/www.egemtv.com\/index.php?rest_route=\/wp\/v2\/posts\/19721\/revisions"}],"predecessor-version":[{"id":19723,"href":"https:\/\/www.egemtv.com\/index.php?rest_route=\/wp\/v2\/posts\/19721\/revisions\/19723"}],"wp:featuredmedia":[{"embeddable":true,"href":"https:\/\/www.egemtv.com\/index.php?rest_route=\/wp\/v2\/media\/19722"}],"wp:attachment":[{"href":"https:\/\/www.egemtv.com\/index.php?rest_route=%2Fwp%2Fv2%2Fmedia&parent=19721"}],"wp:term":[{"taxonomy":"category","embeddable":true,"href":"https:\/\/www.egemtv.com\/index.php?rest_route=%2Fwp%2Fv2%2Fcategories&post=19721"},{"taxonomy":"post_tag","embeddable":true,"href":"https:\/\/www.egemtv.com\/index.php?rest_route=%2Fwp%2Fv2%2Ftags&post=19721"}],"curies":[{"name":"wp","href":"https:\/\/api.w.org\/{rel}","templated":true}]}}