{"id":19637,"date":"2025-02-17T13:37:05","date_gmt":"2025-02-17T10:37:05","guid":{"rendered":"https:\/\/www.egemtv.com\/?p=19637"},"modified":"2025-02-17T13:37:09","modified_gmt":"2025-02-17T10:37:09","slug":"dolandiricilarin-yardim-kampanyasina-goz-diktigi-dmd-kas-hastasi-gorkem-icin-isparta-tek-yurek-oluyor","status":"publish","type":"post","link":"https:\/\/www.egemtv.com\/?p=19637","title":{"rendered":"Doland\u0131r\u0131c\u0131lar\u0131n yard\u0131m kampanyas\u0131na g\u00f6z dikti\u011fi DMD kas hastas\u0131 G\u00f6rkem i\u00e7in Isparta tek y\u00fcrek oluyor"},"content":{"rendered":"<p>Isparta\u2019da Duchenne Musk\u00fcler Distrofi (DMD) hastas\u0131 16 ya\u015f\u0131ndaki G\u00f6rkem Efe \u015eeng\u00fcn\u2019\u00fcn tedavisi i\u00e7in ba\u015flat\u0131lan yard\u0131m kampanyas\u0131 s\u00fcr\u00fcyor. 40 g\u00fcnd\u00fcr devam eden kampanya y\u00fczde 12 seviyesine ula\u015f\u0131rken, doland\u0131r\u0131c\u0131lar\u0131n ailenin bilgisi d\u0131\u015f\u0131nda sahte ba\u011f\u0131\u015f toplad\u0131\u011f\u0131 \u00f6\u011frenilmi\u015fti. Isparta Belediye Ba\u015fkan\u0131 \u015e\u00fckr\u00fc Ba\u015fde\u011firmen, G\u00f6rkem Efe\u2019yi evinde ziyaret ederek kampanyan\u0131n h\u0131zland\u0131r\u0131lmas\u0131 i\u00e7in b\u00fcy\u00fck bir organizasyon d\u00fczenlenece\u011fini ve elde edilecek t\u00fcm gelirin G\u00f6rkem Efe\u2019nin tedavisi i\u00e7in kullan\u0131laca\u011f\u0131n\u0131 a\u00e7\u0131klad\u0131.<\/p>\n<p>Doland\u0131r\u0131c\u0131l\u0131k giri\u015fimlerine tepki<br \/>\n<br \/>Son g\u00fcnlerde baz\u0131 \u015fah\u0131slar\u0131n kap\u0131 kap\u0131 dola\u015f\u0131p G\u00f6rkem Efe ad\u0131na sahte ba\u011f\u0131\u015f toplad\u0131\u011f\u0131 duyumlar\u0131 \u00fczerine aile, \u0130l Emniyet M\u00fcd\u00fcrl\u00fc\u011f\u00fc\u2019ne ba\u015fvurarak konunun ara\u015ft\u0131r\u0131lmas\u0131n\u0131 istedi. Emniyet ekipleri doland\u0131r\u0131c\u0131l\u0131k giri\u015fiminde bulunan \u015fah\u0131slar\u0131 tespit etmek i\u00e7in soru\u015fturma ba\u015flatt\u0131.<br \/>\n<br \/>Baba Alper \u015eeng\u00fcn, &#8220;O\u011flumun zaman\u0131 \u00e7ok az. Onun hayalleri var, ancak baz\u0131 vicdans\u0131zlar kampanyam\u0131za zarar vermeye devam ediyor. Bu t\u00fcr giri\u015fimler, o\u011flumun tedavisini geciktiriyor. Ben hayat\u0131m\u0131 o\u011fluma adad\u0131m, polislik mesle\u011fimden emekli oldum ve t\u00fcm vaktimi ona ay\u0131r\u0131yorum. L\u00fctfen sadece valilik onayl\u0131 resmi ba\u011f\u0131\u015f kanallar\u0131n\u0131 kullan\u0131n&#8221; dedi.<\/p>\n<p>Ba\u015fde\u011firmen \u00e7ifti ziyaret etti, b\u00fcy\u00fck organizasyon duyuruldu<br \/>\n<br \/>Isparta Belediye Ba\u015fkan\u0131 \u015e\u00fckr\u00fc Ba\u015fde\u011firmen ve e\u015fi \u015eadiye Ba\u015fde\u011firmen, G\u00f6rkem Efe\u2019yi evinde ziyaret ederek ge\u00e7mi\u015f olsun dileklerini iletti. Ba\u015fkan Ba\u015fde\u011firmen, Ramazan ay\u0131 \u00f6ncesinde G\u00f6kkubbe\u2019de yard\u0131m ama\u00e7l\u0131 b\u00fcy\u00fck bir organizasyon d\u00fczenlenece\u011fini ve elde edilecek t\u00fcm gelirin G\u00f6rkem Efe\u2019nin tedavisi i\u00e7in kullan\u0131laca\u011f\u0131n\u0131 a\u00e7\u0131klad\u0131.<\/p>\n<p>&#8220;Isparta, G\u00f6rkem i\u00e7in tek y\u00fcrek oldu&#8221;<br \/>\n<br \/>Ba\u015fde\u011firmen, &#8220;Isparta, G\u00f6rkem i\u00e7in tek y\u00fcrek oldu. Bu etkinlikte toplanan t\u00fcm gelir G\u00f6rkem\u2019in hesab\u0131na yat\u0131r\u0131lacak. Ayr\u0131ca a\u00e7\u0131k art\u0131rma ve \u00e7ekili\u015fler d\u00fczenleyerek kampanyaya destek sa\u011flayaca\u011f\u0131z. Dualar\u0131m\u0131z onunla, en k\u0131sa s\u00fcrede sa\u011fl\u0131\u011f\u0131na kavu\u015fmas\u0131n\u0131 diliyoruz&#8221; dedi.<\/p>\n<p>&#8220;Bir an \u00f6nce tedavi olup sa\u011fl\u0131\u011f\u0131ma kavu\u015fmak istiyorum&#8221;<br \/>\n<br \/>G\u00f6rkem Efe, &#8220;Bir an \u00f6nce tedavi olup sa\u011fl\u0131\u011f\u0131ma kavu\u015fmak istiyorum. Bana destek olan herkese te\u015fekk\u00fcr ediyorum&#8221; diyerek yard\u0131m kampanyas\u0131na katk\u0131da bulunanlara minnettarl\u0131\u011f\u0131n\u0131 ifade etti.<br \/>\n<br \/>Yetkililer, doland\u0131r\u0131c\u0131lara kar\u015f\u0131 dikkatli olunmas\u0131 gerekti\u011fini belirterek ba\u011f\u0131\u015f yapmak isteyenlerin yaln\u0131zca valilik onayl\u0131 hesaplar\u0131 kullanmalar\u0131 gerekti\u011fini vurgulad\u0131.<br \/><\/p>\n","protected":false},"excerpt":{"rendered":"<p>Isparta\u2019da Duchenne Musk\u00fcler Distrofi (DMD) hastas\u0131 16 ya\u015f\u0131ndaki G\u00f6rkem Efe \u015eeng\u00fcn\u2019\u00fcn tedavisi i\u00e7in ba\u015flat\u0131lan yard\u0131m kampanyas\u0131 s\u00fcr\u00fcyor. 40 g\u00fcnd\u00fcr devam eden kampanya y\u00fczde 12 seviyesine ula\u015f\u0131rken, doland\u0131r\u0131c\u0131lar\u0131n ailenin bilgisi d\u0131\u015f\u0131nda sahte ba\u011f\u0131\u015f toplad\u0131\u011f\u0131 \u00f6\u011frenilmi\u015fti. Isparta Belediye Ba\u015fkan\u0131 \u015e\u00fckr\u00fc Ba\u015fde\u011firmen, G\u00f6rkem Efe\u2019yi evinde ziyaret ederek kampanyan\u0131n h\u0131zland\u0131r\u0131lmas\u0131 i\u00e7in b\u00fcy\u00fck bir organizasyon d\u00fczenlenece\u011fini ve elde edilecek t\u00fcm&#8230;<\/p>\n","protected":false},"author":1,"featured_media":19638,"comment_status":"open","ping_status":"open","sticky":false,"template":"","format":"standard","meta":{"_crdt_document":"","footnotes":""},"categories":[5],"tags":[],"class_list":["post-19637","post","type-post","status-publish","format-standard","has-post-thumbnail","hentry","category-asayis"],"_links":{"self":[{"href":"https:\/\/www.egemtv.com\/index.php?rest_route=\/wp\/v2\/posts\/19637","targetHints":{"allow":["GET"]}}],"collection":[{"href":"https:\/\/www.egemtv.com\/index.php?rest_route=\/wp\/v2\/posts"}],"about":[{"href":"https:\/\/www.egemtv.com\/index.php?rest_route=\/wp\/v2\/types\/post"}],"author":[{"embeddable":true,"href":"https:\/\/www.egemtv.com\/index.php?rest_route=\/wp\/v2\/users\/1"}],"replies":[{"embeddable":true,"href":"https:\/\/www.egemtv.com\/index.php?rest_route=%2Fwp%2Fv2%2Fcomments&post=19637"}],"version-history":[{"count":1,"href":"https:\/\/www.egemtv.com\/index.php?rest_route=\/wp\/v2\/posts\/19637\/revisions"}],"predecessor-version":[{"id":19639,"href":"https:\/\/www.egemtv.com\/index.php?rest_route=\/wp\/v2\/posts\/19637\/revisions\/19639"}],"wp:featuredmedia":[{"embeddable":true,"href":"https:\/\/www.egemtv.com\/index.php?rest_route=\/wp\/v2\/media\/19638"}],"wp:attachment":[{"href":"https:\/\/www.egemtv.com\/index.php?rest_route=%2Fwp%2Fv2%2Fmedia&parent=19637"}],"wp:term":[{"taxonomy":"category","embeddable":true,"href":"https:\/\/www.egemtv.com\/index.php?rest_route=%2Fwp%2Fv2%2Fcategories&post=19637"},{"taxonomy":"post_tag","embeddable":true,"href":"https:\/\/www.egemtv.com\/index.php?rest_route=%2Fwp%2Fv2%2Ftags&post=19637"}],"curies":[{"name":"wp","href":"https:\/\/api.w.org\/{rel}","templated":true}]}}