{"id":19631,"date":"2025-02-17T13:36:51","date_gmt":"2025-02-17T10:36:51","guid":{"rendered":"https:\/\/www.egemtv.com\/?p=19631"},"modified":"2025-02-17T13:36:56","modified_gmt":"2025-02-17T10:36:56","slug":"turk-hava-kurumu-fethiyede-100-kurulus-yil-donumunu-kutladi","status":"publish","type":"post","link":"https:\/\/www.egemtv.com\/?p=19631","title":{"rendered":"T\u00fcrk Hava Kurumu Fethiye\u2019de 100. kurulu\u015f y\u0131l d\u00f6n\u00fcm\u00fcn\u00fc kutlad\u0131"},"content":{"rendered":"<p>T\u00fcrk Hava Kurumu Fethiye \u015eubesi, t\u00fcm yurtta oldu\u011fu gibi Fethiye\u2019de de 100. kurulu\u015f y\u0131l d\u00f6n\u00fcm\u00fcn\u00fc t\u00f6renle kutlad\u0131.<br \/>\n<br \/>T\u00fcrk Hava Kurumu Fethiye \u015eubesi yetkilileri ile muhtarlar\u0131n da kat\u0131ld\u0131\u011f\u0131 Be\u015fkaza Meydan\u0131 Atat\u00fcrk an\u0131t\u0131 \u00f6n\u00fcndeki t\u00f6rende \u2019Gen\u00e7 Kanatlar\u2019 \u00fcyeleri de haz\u0131r bulundu. T\u00f6rende sayg\u0131 duru\u015funda bulunulup, \u0130stiklal Mar\u015f\u0131 okunurken, T\u00fcrk Hava Kurumu Fethiye \u015eubesi Ba\u015fkan Vekili Nurdan \u00c7ukur, Atat\u00fcrk an\u0131t\u0131na \u00e7elenk sundu.<br \/>\n<br \/>T\u00f6rende g\u00fcn\u00fcn anlam ve \u00f6nemini belirten konu\u015fmay\u0131 ise y\u00f6netim kurulu \u00fcyesi Osman Bar\u0131\u015f Nazl\u0131 yapt\u0131. Osman Bar\u0131\u015f Nazl\u0131 konu\u015fmas\u0131nda, T\u00fcrk Hava Kurumu\u2019nun 100 y\u0131l \u00f6nce bug\u00fcn Gazi Mustafa Kemal Atat\u00fcrk taraf\u0131ndan T\u00fcrk Tayyare Cemiyeti ad\u0131 ile kuruldu\u011funu ve 10 y\u0131l sonra 1935 y\u0131l\u0131nda isminin T\u00fcrk Hava Kurumu olarak de\u011fi\u015ftirildi\u011fini ifade etti. Nazl\u0131, &#8220;T\u00fcrk Hava Kurumu\u2019nun sahibi T\u00fcrk milletidir. Y\u00fczy\u0131ldan bu yana y\u00fcce T\u00fcrk milletinin deste\u011fiyle b\u00fcy\u00fcm\u00fc\u015f ve ilerlemi\u015f ve yurt genelinde 400\u2019e yak\u0131n \u015fube a\u011f\u0131 ile havac\u0131l\u0131\u011fa ve insanl\u0131\u011fa b\u00fcy\u00fck hizmetleri olmu\u015f ve olmaya devam etmektedir. Destekleriniz ve g\u00fcveninizle 3 Mart 2011 tarihinde \u00fclkemizin ilk ve tek Havac\u0131l\u0131k ve Uzay Bilimleri \u0130htisas \u00dcniversitesi olarak kurulan T\u00fcrk Hava Kurumu \u00fcniversitemiz ile gururlan\u0131yoruz. Gelece\u011fin pilotlar\u0131 ve havac\u0131l\u0131k alan\u0131nda \u00fclkemizin ihtiyac\u0131 olan uzman personeli yeti\u015ftirerek \u00fclkemiz havac\u0131l\u0131\u011f\u0131na kazand\u0131rmaktay\u0131z. Kurumumuz t\u00fcm T\u00fcrkiye\u2019de hi\u00e7bir ayr\u0131m g\u00f6zetmeksizin ya\u015flar\u0131 11 ile 22 aras\u0131nda olan gen\u00e7lerimizi Gen\u00e7 Kanatlar toplulu\u011fu ad\u0131 alt\u0131nda bir araya getirerek bu gen\u00e7lerimizin havac\u0131l\u0131k e\u011fitimleri alan\u0131nda olmas\u0131 gereken en y\u00fcksek noktaya ula\u015fmas\u0131 i\u00e7in t\u00fcm imkanlar\u0131n\u0131 seferber etmektedir. Bu vesile ile yurdumuzun de\u011fi\u015fik k\u00f6\u015felerinde bulunan T\u00fcrk Hava Kurumu\u2019na ait Ankara, \u0130zmir, Eski\u015fehir, Antalya, Erzincan gibi b\u00fcy\u00fck havac\u0131l\u0131k e\u011fitim merkezlerinde model u\u00e7ak, model roket, drone yama\u00e7 para\u015f\u00fct\u00fc, serbest para\u015f\u00fct, mikrolayt, yelken kanat, plan\u00f6r gibi sportif amat\u00f6r havac\u0131l\u0131k kurslar\u0131 vermekte olup gelece\u011fin havac\u0131lar\u0131n\u0131 yeti\u015ftirmeye devam etmektedir. T\u00fcrk Hava Kurumu bir havac\u0131l\u0131k e\u011fitim kurumudur. Sadece sportif amat\u00f6r havac\u0131l\u0131kta de\u011fil, genel havac\u0131l\u0131k konusunda da \u00e7ok b\u00fcy\u00fck ilerlemeler kaydetmi\u015ftir. Sa\u011fl\u0131k Bakanl\u0131\u011f\u0131m\u0131z\u0131n emrinde 7\/24 \u00e7al\u0131\u015fan Avrupa\u2019n\u0131n en b\u00fcy\u00fck ambulans helikopter filolar\u0131ndan birisine sahip olmu\u015f olan T\u00fcrk Hava Kurumu havadan acil hasta, yaral\u0131, organ nakli gibi hizmetleriyle insan hayat\u0131n\u0131 her daim \u00f6nemseyen kurumumuz bu g\u00f6rev operasyonlar\u0131nda 2013 y\u0131l\u0131ndan bu yana halk\u0131m\u0131za b\u00fcy\u00fck hizmetler vermi\u015ftir. Havadan yang\u0131n s\u00f6nd\u00fcrme u\u00e7aklar\u0131m\u0131z ile ormanlar\u0131m\u0131z\u0131n korunmas\u0131nda 1983 y\u0131l\u0131ndan bu yana devletimize b\u00fcy\u00fck destekler vermektedir. T\u00fcrk Hava Kuvvetleri Komutanl\u0131\u011f\u0131m\u0131z ile T\u00fcrk Hava Kurumu Genel Ba\u015fkanl\u0131\u011f\u0131m\u0131z aras\u0131nda i\u015f birli\u011fi protokol\u00fc imzalanarak, hava kuvvetlerimizin pilot ihtiyac\u0131n\u0131 kar\u015f\u0131lamak amac\u0131yla \u00f6ng\u00f6rmekte olup bu i\u015fbirli\u011fi ile her iki kurumunda ortak hedefler do\u011frultusunda g\u00fc\u00e7lerini birle\u015ftirerek T\u00fcrkiye\u2019nin hava g\u00fcc\u00fcn\u00fc daha da g\u00fc\u00e7lendirmeyi ama\u00e7lamaktad\u0131r. Gelecekte T\u00fcrk Hava Kurumu\u2019nun y\u00f6netimlerini alarak sahiplenecek olan T\u00fcrk gen\u00e7li\u011fidir. T\u00fcrk Hava Kurumu sonsuza dek ya\u015fayacakt\u0131r ve ya\u015fat\u0131lacakt\u0131r. 2025 y\u0131l\u0131nda 1. asr\u0131 doldurarak 100. y\u0131l\u0131n\u0131 kutlad\u0131\u011f\u0131m\u0131z T\u00fcrk Hava Kurumu\u2019nun 100. y\u0131l\u0131 \u00fclkemize ve milletimize kutlu olsun&#8221; dedi.<br \/>\n<br \/>T\u00f6rende daha sonra Gen\u00e7 Kanatlar \u00fcyeleri taraf\u0131ndan havac\u0131l\u0131kla ilgili \u015fiirler okundu.<br \/><\/p>\n","protected":false},"excerpt":{"rendered":"<p>T\u00fcrk Hava Kurumu Fethiye \u015eubesi, t\u00fcm yurtta oldu\u011fu gibi Fethiye\u2019de de 100. kurulu\u015f y\u0131l d\u00f6n\u00fcm\u00fcn\u00fc t\u00f6renle kutlad\u0131. T\u00fcrk Hava Kurumu Fethiye \u015eubesi yetkilileri ile muhtarlar\u0131n da kat\u0131ld\u0131\u011f\u0131 Be\u015fkaza Meydan\u0131 Atat\u00fcrk an\u0131t\u0131 \u00f6n\u00fcndeki t\u00f6rende \u2019Gen\u00e7 Kanatlar\u2019 \u00fcyeleri de haz\u0131r bulundu. T\u00f6rende sayg\u0131 duru\u015funda bulunulup, \u0130stiklal Mar\u015f\u0131 okunurken, T\u00fcrk Hava Kurumu Fethiye \u015eubesi Ba\u015fkan Vekili Nurdan \u00c7ukur,&#8230;<\/p>\n","protected":false},"author":1,"featured_media":19632,"comment_status":"open","ping_status":"open","sticky":false,"template":"","format":"standard","meta":{"_crdt_document":"","footnotes":""},"categories":[1],"tags":[],"class_list":["post-19631","post","type-post","status-publish","format-standard","has-post-thumbnail","hentry","category-guncel"],"_links":{"self":[{"href":"https:\/\/www.egemtv.com\/index.php?rest_route=\/wp\/v2\/posts\/19631","targetHints":{"allow":["GET"]}}],"collection":[{"href":"https:\/\/www.egemtv.com\/index.php?rest_route=\/wp\/v2\/posts"}],"about":[{"href":"https:\/\/www.egemtv.com\/index.php?rest_route=\/wp\/v2\/types\/post"}],"author":[{"embeddable":true,"href":"https:\/\/www.egemtv.com\/index.php?rest_route=\/wp\/v2\/users\/1"}],"replies":[{"embeddable":true,"href":"https:\/\/www.egemtv.com\/index.php?rest_route=%2Fwp%2Fv2%2Fcomments&post=19631"}],"version-history":[{"count":1,"href":"https:\/\/www.egemtv.com\/index.php?rest_route=\/wp\/v2\/posts\/19631\/revisions"}],"predecessor-version":[{"id":19633,"href":"https:\/\/www.egemtv.com\/index.php?rest_route=\/wp\/v2\/posts\/19631\/revisions\/19633"}],"wp:featuredmedia":[{"embeddable":true,"href":"https:\/\/www.egemtv.com\/index.php?rest_route=\/wp\/v2\/media\/19632"}],"wp:attachment":[{"href":"https:\/\/www.egemtv.com\/index.php?rest_route=%2Fwp%2Fv2%2Fmedia&parent=19631"}],"wp:term":[{"taxonomy":"category","embeddable":true,"href":"https:\/\/www.egemtv.com\/index.php?rest_route=%2Fwp%2Fv2%2Fcategories&post=19631"},{"taxonomy":"post_tag","embeddable":true,"href":"https:\/\/www.egemtv.com\/index.php?rest_route=%2Fwp%2Fv2%2Ftags&post=19631"}],"curies":[{"name":"wp","href":"https:\/\/api.w.org\/{rel}","templated":true}]}}