{"id":19625,"date":"2025-02-17T13:25:28","date_gmt":"2025-02-17T10:25:28","guid":{"rendered":"https:\/\/www.egemtv.com\/?p=19625"},"modified":"2025-02-17T13:25:32","modified_gmt":"2025-02-17T10:25:32","slug":"muglada-okul-servis-araclarina-siki-denetim","status":"publish","type":"post","link":"https:\/\/www.egemtv.com\/?p=19625","title":{"rendered":"Mu\u011fla\u2019da okul servis ara\u00e7lar\u0131na s\u0131k\u0131 denetim"},"content":{"rendered":"<p>Mu\u011fla\u2019da okul servis ara\u00e7lar\u0131na y\u00f6nelik denetim ger\u00e7ekle\u015ftirildi.<\/p>\n<p>Mu\u011fla \u0130l Jandarma Komutanl\u0131\u011f\u0131, Mu\u011fla \u0130l Emniyet M\u00fcd\u00fcrl\u00fc\u011f\u00fc, Mu\u011fla B\u00fcy\u00fck\u015fehir Belediyesi Zab\u0131ta \u015eube M\u00fcd\u00fcrl\u00fc\u011f\u00fc, Mente\u015fe Zab\u0131ta M\u00fcd\u00fcrl\u00fc\u011f\u00fc ve \u0130l\u00e7e Milli E\u011fitim M\u00fcd\u00fcrl\u00fc\u011f\u00fc i\u015fbirli\u011fiyle okul servis ara\u00e7lar\u0131na y\u00f6nelik denetimler aral\u0131ks\u0131z devam ediyor. \u00d6\u011frencilerin g\u00fcvenli\u011fini sa\u011flamak amac\u0131yla ger\u00e7ekle\u015ftirilen kontroller kapsam\u0131nda, servis ara\u00e7lar\u0131n\u0131n y\u00f6netmeliklere uygun olup olmad\u0131\u011f\u0131 detayl\u0131 bir \u015fekilde inceleniyor.<\/p>\n<p>Son olarak, Anaokullar\u0131, \u0130lkokulllar, Ortaokullar ve Anadolu Lisesi \u00f6n\u00fcnde yap\u0131lan denetimlerde, ara\u00e7lar\u0131n teknik donan\u0131mlar\u0131, s\u00fcr\u00fcc\u00fc belgeleri, emniyet kemeri kullan\u0131m\u0131 ve \u00f6\u011frenci ta\u015f\u0131mac\u0131l\u0131\u011f\u0131na dair t\u00fcm kurallar titizlikle kontrol edildi. Yetkililer, servis s\u00fcr\u00fcc\u00fclerine ve rehber personele, \u00f6\u011frencilerin g\u00fcvenli\u011fi i\u00e7in al\u0131nmas\u0131 gereken tedbirler hakk\u0131nda bilgilendirme yapt\u0131.<\/p>\n<p>Mente\u015fe il\u00e7e Milli E\u011fitim M\u00fcd\u00fcrl\u00fc\u011f\u00fcnden yap\u0131lan yaz\u0131l\u0131 a\u00e7\u0131klamada, &#8220;\u00c7ocuklar\u0131m\u0131z\u0131n sa\u011fl\u0131\u011f\u0131 ve emniyeti i\u00e7in denetimlerimiz devam edecek&#8221; mesaj\u0131n\u0131 verirken, veliler de okul servislerinin s\u0131k\u0131 denetimden ge\u00e7irilmesinden duyduklar\u0131 memnuniyeti dile getirdi.<\/p>\n<p>Mu\u011fla genelinde e\u011fitim kurumlar\u0131n\u0131n \u00e7evresinde ve g\u00fczerg\u00e2hlarda devam eden denetimlerin, \u00f6\u011frenci g\u00fcvenli\u011fini sa\u011flamak ad\u0131na periyodik olarak s\u00fcrece\u011fi belirtildi.<br \/><\/p>\n","protected":false},"excerpt":{"rendered":"<p>Mu\u011fla\u2019da okul servis ara\u00e7lar\u0131na y\u00f6nelik denetim ger\u00e7ekle\u015ftirildi. Mu\u011fla \u0130l Jandarma Komutanl\u0131\u011f\u0131, Mu\u011fla \u0130l Emniyet M\u00fcd\u00fcrl\u00fc\u011f\u00fc, Mu\u011fla B\u00fcy\u00fck\u015fehir Belediyesi Zab\u0131ta \u015eube M\u00fcd\u00fcrl\u00fc\u011f\u00fc, Mente\u015fe Zab\u0131ta M\u00fcd\u00fcrl\u00fc\u011f\u00fc ve \u0130l\u00e7e Milli E\u011fitim M\u00fcd\u00fcrl\u00fc\u011f\u00fc i\u015fbirli\u011fiyle okul servis ara\u00e7lar\u0131na y\u00f6nelik denetimler aral\u0131ks\u0131z devam ediyor. \u00d6\u011frencilerin g\u00fcvenli\u011fini sa\u011flamak amac\u0131yla ger\u00e7ekle\u015ftirilen kontroller kapsam\u0131nda, servis ara\u00e7lar\u0131n\u0131n y\u00f6netmeliklere uygun olup olmad\u0131\u011f\u0131 detayl\u0131 bir \u015fekilde inceleniyor&#8230;.<\/p>\n","protected":false},"author":1,"featured_media":19626,"comment_status":"open","ping_status":"open","sticky":false,"template":"","format":"standard","meta":{"_crdt_document":"","footnotes":""},"categories":[1],"tags":[],"class_list":["post-19625","post","type-post","status-publish","format-standard","has-post-thumbnail","hentry","category-guncel"],"_links":{"self":[{"href":"https:\/\/www.egemtv.com\/index.php?rest_route=\/wp\/v2\/posts\/19625","targetHints":{"allow":["GET"]}}],"collection":[{"href":"https:\/\/www.egemtv.com\/index.php?rest_route=\/wp\/v2\/posts"}],"about":[{"href":"https:\/\/www.egemtv.com\/index.php?rest_route=\/wp\/v2\/types\/post"}],"author":[{"embeddable":true,"href":"https:\/\/www.egemtv.com\/index.php?rest_route=\/wp\/v2\/users\/1"}],"replies":[{"embeddable":true,"href":"https:\/\/www.egemtv.com\/index.php?rest_route=%2Fwp%2Fv2%2Fcomments&post=19625"}],"version-history":[{"count":1,"href":"https:\/\/www.egemtv.com\/index.php?rest_route=\/wp\/v2\/posts\/19625\/revisions"}],"predecessor-version":[{"id":19627,"href":"https:\/\/www.egemtv.com\/index.php?rest_route=\/wp\/v2\/posts\/19625\/revisions\/19627"}],"wp:featuredmedia":[{"embeddable":true,"href":"https:\/\/www.egemtv.com\/index.php?rest_route=\/wp\/v2\/media\/19626"}],"wp:attachment":[{"href":"https:\/\/www.egemtv.com\/index.php?rest_route=%2Fwp%2Fv2%2Fmedia&parent=19625"}],"wp:term":[{"taxonomy":"category","embeddable":true,"href":"https:\/\/www.egemtv.com\/index.php?rest_route=%2Fwp%2Fv2%2Fcategories&post=19625"},{"taxonomy":"post_tag","embeddable":true,"href":"https:\/\/www.egemtv.com\/index.php?rest_route=%2Fwp%2Fv2%2Ftags&post=19625"}],"curies":[{"name":"wp","href":"https:\/\/api.w.org\/{rel}","templated":true}]}}