{"id":19622,"date":"2025-02-17T13:25:22","date_gmt":"2025-02-17T10:25:22","guid":{"rendered":"https:\/\/www.egemtv.com\/?p=19622"},"modified":"2025-02-17T13:25:28","modified_gmt":"2025-02-17T10:25:28","slug":"jandarmadan-sibergoz-operasyonu","status":"publish","type":"post","link":"https:\/\/www.egemtv.com\/?p=19622","title":{"rendered":"Jandarmadan Siberg\u00f6z operasyonu"},"content":{"rendered":"<p>Ayd\u0131n\u2019da ger\u00e7ekle\u015ftirilen Siberg\u00f6z operasyonu kapsam\u0131nda yasad\u0131\u015f\u0131 bahis ve m\u00fcstehcenlik su\u00e7lar\u0131ndan 8 ki\u015fi hakk\u0131nda i\u015flem ba\u015flat\u0131ld\u0131.<\/p>\n<p>Ayd\u0131n \u0130l Jandarma Komutanl\u0131\u011f\u0131nca Huzur ve G\u00fcven uygulamalar\u0131 kapsam\u0131nda 216 personelin kat\u0131l\u0131m\u0131yla Siberg\u00f6z operasyonu ger\u00e7ekle\u015ftirildi. Siber Su\u00e7larla M\u00fccadele \u015eube M\u00fcd\u00fcrl\u00fc\u011f\u00fcnce icra edilen sanal devriye faaliyetleri sonucunda \u00c7ine ve Nazilli il\u00e7elerinde 6 \u015f\u00fcpheli \u015fah\u0131s hakk\u0131nda &#8220;M\u00fcstehcenlik&#8221;, \u00c7ine il\u00e7esinde 2 \u015f\u00fcpheli \u015fah\u0131s hakk\u0131nda da &#8220;Yasad\u0131\u015f\u0131 Bahis&#8221; su\u00e7 i\u00e7erikli payla\u015f\u0131mlar yapt\u0131klar\u0131 tespit edildi. Yakalanan 8 \u015f\u00fcpheli hakk\u0131nda adli i\u015flemlere ba\u015fland\u0131. Ayr\u0131ca faaliyette 113 i\u015fletme ve 1 derne\u011fin de kontrol\u00fc yap\u0131ld\u0131. Uygulamalar kapsam\u0131nda 4 bin 649 \u015fahs\u0131n sorgusu yap\u0131l\u0131rken, \u00e7e\u015fitli su\u00e7lardan aranan 25 aranan \u015fah\u0131s yakaland\u0131.<br \/><\/p>\n","protected":false},"excerpt":{"rendered":"<p>Ayd\u0131n\u2019da ger\u00e7ekle\u015ftirilen Siberg\u00f6z operasyonu kapsam\u0131nda yasad\u0131\u015f\u0131 bahis ve m\u00fcstehcenlik su\u00e7lar\u0131ndan 8 ki\u015fi hakk\u0131nda i\u015flem ba\u015flat\u0131ld\u0131. Ayd\u0131n \u0130l Jandarma Komutanl\u0131\u011f\u0131nca Huzur ve G\u00fcven uygulamalar\u0131 kapsam\u0131nda 216 personelin kat\u0131l\u0131m\u0131yla Siberg\u00f6z operasyonu ger\u00e7ekle\u015ftirildi. Siber Su\u00e7larla M\u00fccadele \u015eube M\u00fcd\u00fcrl\u00fc\u011f\u00fcnce icra edilen sanal devriye faaliyetleri sonucunda \u00c7ine ve Nazilli il\u00e7elerinde 6 \u015f\u00fcpheli \u015fah\u0131s hakk\u0131nda &#8220;M\u00fcstehcenlik&#8221;, \u00c7ine il\u00e7esinde 2 \u015f\u00fcpheli \u015fah\u0131s&#8230;<\/p>\n","protected":false},"author":1,"featured_media":19623,"comment_status":"open","ping_status":"open","sticky":false,"template":"","format":"standard","meta":{"_crdt_document":"","footnotes":""},"categories":[5],"tags":[],"class_list":["post-19622","post","type-post","status-publish","format-standard","has-post-thumbnail","hentry","category-asayis"],"_links":{"self":[{"href":"https:\/\/www.egemtv.com\/index.php?rest_route=\/wp\/v2\/posts\/19622","targetHints":{"allow":["GET"]}}],"collection":[{"href":"https:\/\/www.egemtv.com\/index.php?rest_route=\/wp\/v2\/posts"}],"about":[{"href":"https:\/\/www.egemtv.com\/index.php?rest_route=\/wp\/v2\/types\/post"}],"author":[{"embeddable":true,"href":"https:\/\/www.egemtv.com\/index.php?rest_route=\/wp\/v2\/users\/1"}],"replies":[{"embeddable":true,"href":"https:\/\/www.egemtv.com\/index.php?rest_route=%2Fwp%2Fv2%2Fcomments&post=19622"}],"version-history":[{"count":1,"href":"https:\/\/www.egemtv.com\/index.php?rest_route=\/wp\/v2\/posts\/19622\/revisions"}],"predecessor-version":[{"id":19624,"href":"https:\/\/www.egemtv.com\/index.php?rest_route=\/wp\/v2\/posts\/19622\/revisions\/19624"}],"wp:featuredmedia":[{"embeddable":true,"href":"https:\/\/www.egemtv.com\/index.php?rest_route=\/wp\/v2\/media\/19623"}],"wp:attachment":[{"href":"https:\/\/www.egemtv.com\/index.php?rest_route=%2Fwp%2Fv2%2Fmedia&parent=19622"}],"wp:term":[{"taxonomy":"category","embeddable":true,"href":"https:\/\/www.egemtv.com\/index.php?rest_route=%2Fwp%2Fv2%2Fcategories&post=19622"},{"taxonomy":"post_tag","embeddable":true,"href":"https:\/\/www.egemtv.com\/index.php?rest_route=%2Fwp%2Fv2%2Ftags&post=19622"}],"curies":[{"name":"wp","href":"https:\/\/api.w.org\/{rel}","templated":true}]}}