{"id":19616,"date":"2025-02-17T13:25:12","date_gmt":"2025-02-17T10:25:12","guid":{"rendered":"https:\/\/www.egemtv.com\/?p=19616"},"modified":"2025-02-17T13:25:16","modified_gmt":"2025-02-17T10:25:16","slug":"devrilen-agac-yolu-trafige-kapatti","status":"publish","type":"post","link":"https:\/\/www.egemtv.com\/?p=19616","title":{"rendered":"Devrilen a\u011fa\u00e7 yolu trafi\u011fe kapatt\u0131"},"content":{"rendered":"<p>Ayd\u0131n\u2019\u0131n Efeler il\u00e7esinde a\u011fa\u00e7 devrilmesi sonucunda yol k\u0131smen trafi\u011fe kapan\u0131rken, ekipler, a\u011fac\u0131n kald\u0131r\u0131lmas\u0131 i\u00e7in harekete ge\u00e7ti.<\/p>\n<p>Olay, Efeler il\u00e7esi Mimar Sinan Mahallesi Huzurevi Caddesi \u00fczerinde meydana geldi. Edinilen bilgiye g\u00f6re, yol kenar\u0131nda bulunan bir \u00e7am a\u011fac\u0131, hen\u00fcz bilinmeyen bir nedenle yola devrildi. Yolu k\u0131smen kapatan a\u011fac\u0131 fark eden vatanda\u015flar durumu 112 Acil \u00c7a\u011fr\u0131 Merkezi\u2019ne bildirdi. \u0130hbar \u00fczerine b\u00f6lgeye polis ekipler sevk edildi. K\u0131sa s\u00fcrede olay yerine gelen polis ekipleri, yol g\u00fcvenli\u011fini sa\u011flamas\u0131n\u0131n ard\u0131ndan durumu belediye ekiplerine bildirdi. B\u00f6lgeye gelen belediye ekipleri a\u011fac\u0131n yoldan kald\u0131r\u0131lmas\u0131 i\u00e7in \u00e7al\u0131\u015fma ba\u015flatt\u0131. Devrilme esnas\u0131nda arac\u0131n veya yayan\u0131n olmamas\u0131 teselli kayna\u011f\u0131 oldu.<br \/><\/p>\n","protected":false},"excerpt":{"rendered":"<p>Ayd\u0131n\u2019\u0131n Efeler il\u00e7esinde a\u011fa\u00e7 devrilmesi sonucunda yol k\u0131smen trafi\u011fe kapan\u0131rken, ekipler, a\u011fac\u0131n kald\u0131r\u0131lmas\u0131 i\u00e7in harekete ge\u00e7ti. Olay, Efeler il\u00e7esi Mimar Sinan Mahallesi Huzurevi Caddesi \u00fczerinde meydana geldi. Edinilen bilgiye g\u00f6re, yol kenar\u0131nda bulunan bir \u00e7am a\u011fac\u0131, hen\u00fcz bilinmeyen bir nedenle yola devrildi. Yolu k\u0131smen kapatan a\u011fac\u0131 fark eden vatanda\u015flar durumu 112 Acil \u00c7a\u011fr\u0131 Merkezi\u2019ne bildirdi&#8230;.<\/p>\n","protected":false},"author":1,"featured_media":19617,"comment_status":"open","ping_status":"open","sticky":false,"template":"","format":"standard","meta":{"_crdt_document":"","footnotes":""},"categories":[5],"tags":[],"class_list":["post-19616","post","type-post","status-publish","format-standard","has-post-thumbnail","hentry","category-asayis"],"_links":{"self":[{"href":"https:\/\/www.egemtv.com\/index.php?rest_route=\/wp\/v2\/posts\/19616","targetHints":{"allow":["GET"]}}],"collection":[{"href":"https:\/\/www.egemtv.com\/index.php?rest_route=\/wp\/v2\/posts"}],"about":[{"href":"https:\/\/www.egemtv.com\/index.php?rest_route=\/wp\/v2\/types\/post"}],"author":[{"embeddable":true,"href":"https:\/\/www.egemtv.com\/index.php?rest_route=\/wp\/v2\/users\/1"}],"replies":[{"embeddable":true,"href":"https:\/\/www.egemtv.com\/index.php?rest_route=%2Fwp%2Fv2%2Fcomments&post=19616"}],"version-history":[{"count":1,"href":"https:\/\/www.egemtv.com\/index.php?rest_route=\/wp\/v2\/posts\/19616\/revisions"}],"predecessor-version":[{"id":19618,"href":"https:\/\/www.egemtv.com\/index.php?rest_route=\/wp\/v2\/posts\/19616\/revisions\/19618"}],"wp:featuredmedia":[{"embeddable":true,"href":"https:\/\/www.egemtv.com\/index.php?rest_route=\/wp\/v2\/media\/19617"}],"wp:attachment":[{"href":"https:\/\/www.egemtv.com\/index.php?rest_route=%2Fwp%2Fv2%2Fmedia&parent=19616"}],"wp:term":[{"taxonomy":"category","embeddable":true,"href":"https:\/\/www.egemtv.com\/index.php?rest_route=%2Fwp%2Fv2%2Fcategories&post=19616"},{"taxonomy":"post_tag","embeddable":true,"href":"https:\/\/www.egemtv.com\/index.php?rest_route=%2Fwp%2Fv2%2Ftags&post=19616"}],"curies":[{"name":"wp","href":"https:\/\/api.w.org\/{rel}","templated":true}]}}