{"id":19610,"date":"2025-02-17T13:25:00","date_gmt":"2025-02-17T10:25:00","guid":{"rendered":"https:\/\/www.egemtv.com\/?p=19610"},"modified":"2025-02-17T13:25:06","modified_gmt":"2025-02-17T10:25:06","slug":"cinede-deve-guresinin-guvenligini-jandarma-sagladi","status":"publish","type":"post","link":"https:\/\/www.egemtv.com\/?p=19610","title":{"rendered":"\u00c7ine\u2019de deve g\u00fcre\u015finin g\u00fcvenli\u011fini jandarma sa\u011flad\u0131"},"content":{"rendered":"<p>Ayd\u0131n\u2019\u0131n \u00c7ine il\u00e7esi Yolboyu Mahallesi\u2019nde d\u00fczenlenen Deve G\u00fcre\u015fi Festivali i\u00e7in \u00c7ine \u0130l\u00e7e Jandarma Komutanl\u0131\u011f\u0131 taraf\u0131ndan g\u00fcvenlik tedbirleri al\u0131nd\u0131.<\/p>\n<p>Festivalin g\u00fcvenli ve huzurlu bir \u015fekilde ger\u00e7ekle\u015fmesi amac\u0131yla, \u00c7ine \u0130l\u00e7e Jandarma Komutanl\u0131\u011f\u0131 taraf\u0131ndan festival alan\u0131nda yo\u011fun g\u00fcvenlik \u00f6nlemleri uyguland\u0131. Festivalin yap\u0131ld\u0131\u011f\u0131 g\u00fcre\u015f alan\u0131nda, kat\u0131l\u0131mc\u0131lar\u0131n emniyeti i\u00e7in \u00e7ok say\u0131da jandarma personeli g\u00f6revlendirildi. Ayr\u0131ca, festivale gelen ziyaret\u00e7ilerin g\u00fcvenli\u011fini sa\u011flamak i\u00e7in trafik ak\u0131\u015f\u0131 da d\u00fczenlendi. Jandarma ekipleri, festival boyunca herhangi bir olumsuz durumun ya\u015fanmamas\u0131 i\u00e7in g\u00f6rev yaparak, festivale kat\u0131lanlar\u0131n g\u00fcvenli\u011fini sa\u011flad\u0131.<br \/><\/p>\n","protected":false},"excerpt":{"rendered":"<p>Ayd\u0131n\u2019\u0131n \u00c7ine il\u00e7esi Yolboyu Mahallesi\u2019nde d\u00fczenlenen Deve G\u00fcre\u015fi Festivali i\u00e7in \u00c7ine \u0130l\u00e7e Jandarma Komutanl\u0131\u011f\u0131 taraf\u0131ndan g\u00fcvenlik tedbirleri al\u0131nd\u0131. Festivalin g\u00fcvenli ve huzurlu bir \u015fekilde ger\u00e7ekle\u015fmesi amac\u0131yla, \u00c7ine \u0130l\u00e7e Jandarma Komutanl\u0131\u011f\u0131 taraf\u0131ndan festival alan\u0131nda yo\u011fun g\u00fcvenlik \u00f6nlemleri uyguland\u0131. Festivalin yap\u0131ld\u0131\u011f\u0131 g\u00fcre\u015f alan\u0131nda, kat\u0131l\u0131mc\u0131lar\u0131n emniyeti i\u00e7in \u00e7ok say\u0131da jandarma personeli g\u00f6revlendirildi. Ayr\u0131ca, festivale gelen ziyaret\u00e7ilerin g\u00fcvenli\u011fini sa\u011flamak&#8230;<\/p>\n","protected":false},"author":1,"featured_media":19611,"comment_status":"open","ping_status":"open","sticky":false,"template":"","format":"standard","meta":{"_crdt_document":"","footnotes":""},"categories":[1],"tags":[],"class_list":["post-19610","post","type-post","status-publish","format-standard","has-post-thumbnail","hentry","category-guncel"],"_links":{"self":[{"href":"https:\/\/www.egemtv.com\/index.php?rest_route=\/wp\/v2\/posts\/19610","targetHints":{"allow":["GET"]}}],"collection":[{"href":"https:\/\/www.egemtv.com\/index.php?rest_route=\/wp\/v2\/posts"}],"about":[{"href":"https:\/\/www.egemtv.com\/index.php?rest_route=\/wp\/v2\/types\/post"}],"author":[{"embeddable":true,"href":"https:\/\/www.egemtv.com\/index.php?rest_route=\/wp\/v2\/users\/1"}],"replies":[{"embeddable":true,"href":"https:\/\/www.egemtv.com\/index.php?rest_route=%2Fwp%2Fv2%2Fcomments&post=19610"}],"version-history":[{"count":1,"href":"https:\/\/www.egemtv.com\/index.php?rest_route=\/wp\/v2\/posts\/19610\/revisions"}],"predecessor-version":[{"id":19612,"href":"https:\/\/www.egemtv.com\/index.php?rest_route=\/wp\/v2\/posts\/19610\/revisions\/19612"}],"wp:featuredmedia":[{"embeddable":true,"href":"https:\/\/www.egemtv.com\/index.php?rest_route=\/wp\/v2\/media\/19611"}],"wp:attachment":[{"href":"https:\/\/www.egemtv.com\/index.php?rest_route=%2Fwp%2Fv2%2Fmedia&parent=19610"}],"wp:term":[{"taxonomy":"category","embeddable":true,"href":"https:\/\/www.egemtv.com\/index.php?rest_route=%2Fwp%2Fv2%2Fcategories&post=19610"},{"taxonomy":"post_tag","embeddable":true,"href":"https:\/\/www.egemtv.com\/index.php?rest_route=%2Fwp%2Fv2%2Ftags&post=19610"}],"curies":[{"name":"wp","href":"https:\/\/api.w.org\/{rel}","templated":true}]}}