{"id":19607,"date":"2025-02-17T13:15:52","date_gmt":"2025-02-17T10:15:52","guid":{"rendered":"https:\/\/www.egemtv.com\/?p=19607"},"modified":"2025-02-17T13:15:58","modified_gmt":"2025-02-17T10:15:58","slug":"manisali-genclere-ucretsiz-studyo-destegi","status":"publish","type":"post","link":"https:\/\/www.egemtv.com\/?p=19607","title":{"rendered":"Manisal\u0131 gen\u00e7lere \u00fccretsiz st\u00fcdyo deste\u011fi"},"content":{"rendered":"<p>Manisa B\u00fcy\u00fck\u015fehir Belediyesi, Atat\u00fcrk Gen\u00e7lik Merkezi\u2019nde hizmete sundu\u011fu ses kay\u0131t ve video kay\u0131t st\u00fcdyolar\u0131 ile Manisal\u0131 m\u00fczisyenlere ve i\u00e7erik \u00fcreticilerine destek oluyor.<br \/>\n<br \/>Manisa B\u00fcy\u00fck\u015fehir Belediyesinin, gen\u00e7lerin dijitalle\u015fen d\u00fcnyaya ayak uydurmas\u0131n\u0131 sa\u011flamak ve i\u00e7erik \u00fcretim s\u00fcre\u00e7lerine destek olmak amac\u0131yla hayata ge\u00e7irdi\u011fi ses kay\u0131t ve video kay\u0131t st\u00fcdyolar\u0131, \u00fccretsiz olarak hizmet vermeye devam ediyor. K\u00fclt\u00fcr ve Sosyal \u0130\u015fler Dairesi Ba\u015fkanl\u0131\u011f\u0131na ba\u011fl\u0131 olarak hizmet veren ses st\u00fcdyosunda kay\u0131t, miksaj ve mastering hizmetleriyle gen\u00e7 yeteneklere profesyonel rehberlik sunuluyor. Video kay\u0131t st\u00fcdyosunda ise \u00fcr\u00fcn foto\u011fraf\u00e7\u0131l\u0131\u011f\u0131 ve \u00fcr\u00fcn \u00e7ad\u0131r\u0131 kullan\u0131m\u0131, montaj ve d\u00fczenleme hizmetleri, Youtuber ve influencer i\u00e7erik \u00fcretimi, sinema ve k\u0131sa film \u00e7ekimleri, podcast kay\u0131tlar\u0131 gibi bir\u00e7ok farkl\u0131 \u00e7al\u0131\u015fma destekleniyor.<\/p>\n<p>&#8220;Manisa\u2019daki herkes bu imkandan yararlanmal\u0131&#8221;<br \/>\n<br \/>G\u00fczel Sanatlar Lisesi\u2019nde ve Manisa B\u00fcy\u00fck\u015fehir Belediyesi Konservatuvar\u0131nda m\u00fczik \u00f6\u011fretmeni olarak g\u00f6rev yapan Ayd\u0131nl\u0131, ses kay\u0131t ve video kay\u0131t st\u00fcdyosu hizmetinin \u00e7ok g\u00fczel bir \u00e7al\u0131\u015fma oldu\u011funu belirtti. Ayn\u0131 zaman B\u00fcy\u00fck\u015fehir Belediyesi Konservatuvar\u0131 \u00c7ok Sesli Koro ve \u00c7ocuk Korosu \u015eefi Ayd\u0131nl\u0131, &#8220;Manisa G\u00fczel Sanatlar Lisesi \u00f6\u011frencilerimiz i\u00e7eride kay\u0131t al\u0131yorlar. Onlar\u0131n kendilerini ifade etmelerini sa\u011flamas\u0131 a\u00e7\u0131s\u0131ndan ger\u00e7ekten \u00e7ok g\u00fczel bir hizmet. Gen\u00e7lerimiz, bilhassa yetenekli. Herkesin burada kendisini ifade edebilmesi, \u00f6zg\u00fcven kazanabilmesi ve ileride belki de yapacaklar\u0131 projelerin ilk ad\u0131mlar\u0131n\u0131 atabilmesi ad\u0131na m\u00fcthi\u015f bir imkan. Bence Manisa\u2019daki herkes bu imkandan yararlanmal\u0131. \u00c7ok g\u00fczel bir st\u00fcdyo \u00e7\u00fcnk\u00fc buras\u0131&#8221; ifadelerini kulland\u0131.<\/p>\n<p>&#8220;Bu imkanlar sa\u011fland\u0131\u011f\u0131 i\u00e7in \u00e7ok te\u015fekk\u00fcr ederiz&#8221;<br \/>\n<br \/>Manisa G\u00fczel Sanatlar Lisesi 11\u2019nci s\u0131n\u0131f m\u00fczik b\u00f6l\u00fcm\u00fc \u00f6\u011frencisi oldu\u011funu ve Atat\u00fcrk Gen\u00e7lik Merkezi\u2019nde \u00e7ok sesli koroda g\u00f6rev ald\u0131\u011f\u0131n\u0131 dile getiren Ege Kocab\u0131y\u0131k ise &#8220;St\u00fcdyoda kay\u0131tlar\u0131m\u0131za ba\u015flad\u0131k. Ferdi Ba\u015fkan\u0131m\u0131za ve Manisa B\u00fcy\u00fck\u015fehir Belediyesine bize bu imkan\u0131 sa\u011flad\u0131\u011f\u0131 i\u00e7in \u00e7ok te\u015fekk\u00fcr ederiz. Burada bizim gibi gen\u00e7ler \u00e7al\u0131\u015f\u0131yor, m\u00fczik ortaya \u00e7\u0131kar\u0131yor. Sahne almaya \u00e7al\u0131\u015faca\u011f\u0131z in\u015fallah. Bize bu imkanlar sa\u011fland\u0131\u011f\u0131 i\u00e7in \u00e7ok te\u015fekk\u00fcr ederiz&#8221; \u015feklinde konu\u015ftu.<br \/>\n<br \/>St\u00fcdyolardan yararlanmak veya detayl\u0131 bilgi almak isteyen Manisal\u0131lar, Atat\u00fcrk Gen\u00e7lik Merkezi\u2019ne ba\u015fvurarak veya 0 (236) 231 45 80 (Dahili: 3457) numaral\u0131 telefonu arayarak bilgi alabilecek.<br \/><\/p>\n","protected":false},"excerpt":{"rendered":"<p>Manisa B\u00fcy\u00fck\u015fehir Belediyesi, Atat\u00fcrk Gen\u00e7lik Merkezi\u2019nde hizmete sundu\u011fu ses kay\u0131t ve video kay\u0131t st\u00fcdyolar\u0131 ile Manisal\u0131 m\u00fczisyenlere ve i\u00e7erik \u00fcreticilerine destek oluyor. Manisa B\u00fcy\u00fck\u015fehir Belediyesinin, gen\u00e7lerin dijitalle\u015fen d\u00fcnyaya ayak uydurmas\u0131n\u0131 sa\u011flamak ve i\u00e7erik \u00fcretim s\u00fcre\u00e7lerine destek olmak amac\u0131yla hayata ge\u00e7irdi\u011fi ses kay\u0131t ve video kay\u0131t st\u00fcdyolar\u0131, \u00fccretsiz olarak hizmet vermeye devam ediyor. K\u00fclt\u00fcr ve Sosyal&#8230;<\/p>\n","protected":false},"author":1,"featured_media":19608,"comment_status":"open","ping_status":"open","sticky":false,"template":"","format":"standard","meta":{"_crdt_document":"","footnotes":""},"categories":[1],"tags":[],"class_list":["post-19607","post","type-post","status-publish","format-standard","has-post-thumbnail","hentry","category-guncel"],"_links":{"self":[{"href":"https:\/\/www.egemtv.com\/index.php?rest_route=\/wp\/v2\/posts\/19607","targetHints":{"allow":["GET"]}}],"collection":[{"href":"https:\/\/www.egemtv.com\/index.php?rest_route=\/wp\/v2\/posts"}],"about":[{"href":"https:\/\/www.egemtv.com\/index.php?rest_route=\/wp\/v2\/types\/post"}],"author":[{"embeddable":true,"href":"https:\/\/www.egemtv.com\/index.php?rest_route=\/wp\/v2\/users\/1"}],"replies":[{"embeddable":true,"href":"https:\/\/www.egemtv.com\/index.php?rest_route=%2Fwp%2Fv2%2Fcomments&post=19607"}],"version-history":[{"count":1,"href":"https:\/\/www.egemtv.com\/index.php?rest_route=\/wp\/v2\/posts\/19607\/revisions"}],"predecessor-version":[{"id":19609,"href":"https:\/\/www.egemtv.com\/index.php?rest_route=\/wp\/v2\/posts\/19607\/revisions\/19609"}],"wp:featuredmedia":[{"embeddable":true,"href":"https:\/\/www.egemtv.com\/index.php?rest_route=\/wp\/v2\/media\/19608"}],"wp:attachment":[{"href":"https:\/\/www.egemtv.com\/index.php?rest_route=%2Fwp%2Fv2%2Fmedia&parent=19607"}],"wp:term":[{"taxonomy":"category","embeddable":true,"href":"https:\/\/www.egemtv.com\/index.php?rest_route=%2Fwp%2Fv2%2Fcategories&post=19607"},{"taxonomy":"post_tag","embeddable":true,"href":"https:\/\/www.egemtv.com\/index.php?rest_route=%2Fwp%2Fv2%2Ftags&post=19607"}],"curies":[{"name":"wp","href":"https:\/\/api.w.org\/{rel}","templated":true}]}}