{"id":19604,"date":"2025-02-17T13:15:46","date_gmt":"2025-02-17T10:15:46","guid":{"rendered":"https:\/\/www.egemtv.com\/?p=19604"},"modified":"2025-02-17T13:15:52","modified_gmt":"2025-02-17T10:15:52","slug":"manisa-buyuksehir-belediyesinden-sutte-kalite-ve-verim-icin-onemli-adim","status":"publish","type":"post","link":"https:\/\/www.egemtv.com\/?p=19604","title":{"rendered":"Manisa B\u00fcy\u00fck\u015fehir Belediyesinden s\u00fctte kalite ve verim i\u00e7in \u00f6nemli ad\u0131m"},"content":{"rendered":"<p>\u00dcreticilerin g\u00fc\u00e7lendirilmesi ve kooperatifle\u015fmeye destek amac\u0131yla \u00e7al\u0131\u015fmalar\u0131n\u0131 s\u00fcrd\u00fcren Manisa B\u00fcy\u00fck\u015fehir Belediyesi, \u00fcretimin desteklenmesi ve \u00fcr\u00fcn kalitesinin art\u0131r\u0131lmas\u0131 konular\u0131nda yap\u0131labilecekleri g\u00f6r\u00fc\u015fmek i\u00e7in kentte faaliyet g\u00f6steren s\u00fct toplama, i\u015fleme ve pazarlama firmalar\u0131yla bir araya geldi.<br \/>\n<br \/>Manisa B\u00fcy\u00fck\u015fehir Belediyesi\u2019nin daveti ile kentte faaliyet g\u00f6steren s\u00fct toplama, i\u015fleme ve pazarlama firmalar\u0131yla bir toplant\u0131 ger\u00e7ekle\u015ftirildi. Toplant\u0131da; sekt\u00f6r\u00fcn sorunlar\u0131, \u00e7\u00f6z\u00fcm \u00f6nerileri ve i\u015f birli\u011fi yap\u0131labilecek alanlar g\u00f6r\u00fc\u015f\u00fcld\u00fc. Toplant\u0131ya Genel Sekreter Burak Deste, Ba\u015fkan Dan\u0131\u015fman\u0131 Prof. Dr. Yusuf Kurucu, Ba\u015fkan Dan\u0131\u015fman\u0131 Salih Fulcun ve K\u0131rsal Hizmetler Dairesi Ba\u015fkan\u0131 Y\u0131lmaz Usta ile sekt\u00f6r temsilcileri kat\u0131ld\u0131.<br \/>\n<br \/>Toplant\u0131da konu\u015fan Manisa B\u00fcy\u00fck\u015fehir Belediyesi Genel Sekreteri Burak Deste, piyasaya m\u00fcdahale etme gibi bir niyetlerinin olmad\u0131\u011f\u0131n\u0131 belirterek, &#8220;Amac\u0131m\u0131z, k\u0131rsalda kooperatifler \u00fczerinden \u00fcretimi desteklemek ve \u00fcr\u00fcn kalitesini art\u0131rmak. Ticaretin genel i\u015fleyi\u015fine kar\u0131\u015fmak istemiyoruz&#8221; dedi. Firma yetkilileri ise kooperatifle\u015fme \u00e7al\u0131\u015fmalar\u0131na destek vermek istediklerini ifade etti.<br \/>\n<br \/>Son \u00fc\u00e7 ay i\u00e7inde 100\u2019\u00fcn \u00fczerinde kooperatifle g\u00f6r\u00fc\u015f\u00fcld\u00fc\u011f\u00fcn\u00fc s\u00f6yleyen Genel Sekreter Deste, &#8220;Piyasaya m\u00fcdahale etme gibi bir niyetimiz yok. Amac\u0131m\u0131z, k\u0131rsaldaki tar\u0131msal \u00fcretimi artt\u0131rmak. BU g\u00fcne kadar s\u00fct kooperatifleri ile ve \u00fcreticiler ile g\u00f6r\u00fc\u015ft\u00fck. \u00c7al\u0131\u015fmalar\u0131m\u0131z\u0131n \u00fc\u00e7\u00fcnc\u00fc aya\u011f\u0131 olarak da sizlerle g\u00f6r\u00fc\u015f\u00fcyoruz. \u00dcretimin devam ettirilebilmesi i\u00e7in en \u00f6nemli taraflar\u0131ndan biri de siz s\u00fct\u00fc alan firmalars\u0131n\u0131z. Bizim amac\u0131m\u0131z kooperatifle\u015fmeyi ve kooperatifler \u00fczerinden de \u00fcretimi desteklemek. Di\u011fer bir amac\u0131m\u0131z da \u00e7\u0131kan \u00fcr\u00fcn\u00fcn kalitesini artt\u0131rmak. Bunlar\u0131 kooperatifleri bilin\u00e7lendirerek, e\u011fiterek, yeri geldi\u011finde girdi deste\u011fi, teknik destek sa\u011flayarak yapmaya \u00e7al\u0131\u015f\u0131yoruz. Ticaretin i\u015fleyi\u015fine kar\u0131\u015fmak istemiyoruz. Arz, talep dengesizli\u011fini gidermek, \u00fcretilen s\u00fct\u00fcn kalitesini artt\u0131rmak, kooperatifle\u015fmeyi destekleyecek hamleler yapmak istiyoruz. Bunun i\u00e7in sizinle bulu\u015fmak, g\u00f6r\u00fc\u015fmek istedik&#8221; dedi.<\/p>\n<p>&#8220;Amac\u0131m\u0131z \u00fcreticinin ya\u015famas\u0131&#8221;<br \/>\n<br \/>K\u00fc\u00e7\u00fck \u00fcreticinin ya\u015famas\u0131 gerekti\u011fini vurgulayan Manisa B\u00fcy\u00fck\u015fehir Belediyesi Ba\u015fkan Dan\u0131\u015fman\u0131 Prof. Dr. Yusuf Kurucu, &#8220;Amac\u0131m\u0131z, hepimizin ihtiyac\u0131 olan \u00fcreticinin ya\u015famas\u0131, para kazanmas\u0131. Korkumuz ise, \u00fcreticinin ya\u015f\u0131 ilerliyor. Dolay\u0131s\u0131yla hayvanc\u0131l\u0131\u011f\u0131 b\u0131rakan \u00e7ok \u00e7ift\u00e7i var. B\u00fcy\u00fck\u015fehir Belediyesi olarak \u00fcretimin ve \u00fcreticinin yan\u0131nday\u0131z. \u00c7\u00fcnk\u00fc olay\u0131n sosyal bir yan\u0131 var. K\u0131rsaldaki g\u00f6\u00e7\u00fc, k\u0131rsaldaki istihdam\u0131 nereye g\u00f6t\u00fcreceksiniz. G\u00f6t\u00fcrece\u011finiz bir yer var m\u0131, yok. T\u00fcrkiye tar\u0131m\u0131 maalesef \u00e7ok k\u00f6t\u00fc durumda. Bu sorun sadece hayvanc\u0131l\u0131kta de\u011fil bitkisel \u00fcretimde de var. Dolay\u0131s\u0131yla b\u00f6lgesel olarak \u00e7al\u0131\u015fal\u0131m. Kamu, firmalarla rekabet etmez. Bu mant\u0131ktay\u0131z, bunu bilin. Siz ticaretinize devam edin. Ama biz kaliteli s\u00fct \u00fcretilmesi i\u00e7in yapaca\u011f\u0131m\u0131z b\u00fct\u00fcn \u00e7al\u0131\u015fmalarda da sizden destek istiyoruz. Manisa\u2019da \u00e7ok g\u00fczel ve b\u00fcy\u00fck i\u015fletmeler var. Bunlar olsun. Ama k\u0131rsaldaki k\u00fc\u00e7\u00fck i\u015fletmeler de olsun. Tek Dam ve tek sa\u011f\u0131m merkezi gibi projeler ile k\u00fc\u00e7\u00fck \u00fcreticinin yerinde kalmas\u0131n\u0131, ya\u015famas\u0131n\u0131 istiyoruz. Onlara ula\u015fabilece\u011fimiz tek anahtar yap\u0131 da kooperatifler. Kooperatifleri birlikte ayakta tutmal\u0131y\u0131z. Ba\u015fka yolu yok. Manisa\u2019n\u0131n b\u00fct\u00fcn kooperatifleriyle g\u00f6r\u00fc\u015f\u00fcp durumlar\u0131n\u0131 analiz ettik. Bize s\u00f6yledikleri ihtiya\u00e7lar\u0131 tek tek gidip yerinde g\u00f6rmek ve o ihtiya\u00e7lar\u0131 desteklemek istiyoruz&#8221; dedi.<\/p>\n<p>&#8220;Tek Dam Projesi\u2019ne firmalar yat\u0131r\u0131m yapabilir&#8221;<br \/>\n<br \/>S\u00fct\u00fcn kaliteli olmas\u0131 i\u00e7in \u00fcreticinin ortam\u0131n\u0131 d\u00fczenlemek zorunda oldu\u011funu ifade eden Prof. Dr. Kurucu, &#8220;G\u00fcc\u00fc yetmiyorsa belediye bir imkan sunuyor. B\u00fcy\u00fck bir dam yapal\u0131m. \u0130\u00e7erisinde modern sa\u011f\u0131m sistemleri, so\u011futma tank\u0131 olsun, veteriner hizmetleri d\u00fczg\u00fcn bir \u015fekilde gelsin, g\u0131da m\u00fchendisi, hayvan bak\u0131c\u0131s\u0131 olsun, hayvanlar\u0131n s\u00fcrekli kontrol\u00fc ve bak\u0131m\u0131 yap\u0131ls\u0131n, a\u015f\u0131lar kontrol edilsin ve s\u00fct\u00fcn kalite standard\u0131 olu\u015f\u015fun. Bu hepinizin i\u015fine gelir. Bu konuda i\u015f birli\u011fine a\u00e7\u0131\u011f\u0131z. Bir \u00fcreticiden t\u00fcketiciye t\u00fcm akt\u00f6rlerin oldu\u011fu bir masa olu\u015fturuyoruz. Bu masada siz eksiktiniz ve \u015fimdi tamamlam\u0131\u015f olduk. Masada; \u00fcretici, kooperatifler, birlikler var ve al\u0131c\u0131lar olarak sizlerin de olmas\u0131 gerekiyor. Bizi burada d\u00fczenleyici ve yat\u0131r\u0131m yapabilecek bir kurum olarak d\u00fc\u015f\u00fcn\u00fcn. S\u00fct al\u0131c\u0131s\u0131 firmalar olarak Tek Dam Projesi\u2019nin yat\u0131r\u0131mc\u0131s\u0131 olabilirsiniz. Ayn\u0131 zamanda s\u00fct\u00fcn kalitesini denetleyen de olacaks\u0131n\u0131z&#8221; diye konu\u015ftu.<\/p>\n<p>&#8220;G\u00fc\u00e7 birli\u011fine ihtiya\u00e7 var&#8221;<br \/>\n<br \/>Manisa B\u00fcy\u00fck\u015fehir Belediyesi Ba\u015fkan Dan\u0131\u015fman\u0131 Salih Fulcun ise &#8220;Kooperatifler vesilesiyle Manisa genelinde, \u00fcreticilerin bir\u00e7o\u011fuyla bulu\u015fma f\u0131rsat\u0131 bulduk Hem suyla ilgili sorun hem de \u00fcr\u00fcn\u00fcn iyile\u015ftirilmesi \u00e7ok y\u00f6nl\u00fc d\u00fc\u015f\u00fcn\u00fclerek yap\u0131lan bir haz\u0131rl\u0131k. \u00dcretilen s\u00fct\u00fcn \u00fcr\u00fcne d\u00f6n\u00fc\u015fmesine ihtiyac\u0131m\u0131z var. \u0130limizde bu alanda markala\u015fma sa\u011flanamad\u0131. S\u00fct \u00fcr\u00fcnlerinde markala\u015fma istenilen yerde de\u011fil. Bu anlamda bir g\u00fc\u00e7 birli\u011fine ihtiya\u00e7 var. Ferdi Ba\u015fkan\u0131m\u0131z\u0131n bu konuda verdi\u011fi talimatlar ve Yusuf hocam\u0131z\u0131n akademik anlamda verdi\u011fi katk\u0131lar, bizim i\u00e7in bir \u015fans. Hocam\u0131z\u0131n yapt\u0131\u011f\u0131 akademik \u00e7al\u0131\u015fmalarla birlikte do\u011fru \u015feyleri yapabilmek anlam\u0131nda iyi bir haz\u0131rl\u0131k s\u00fcreci ge\u00e7irildi. Tek Dam Projesi ile kooperatiflerin \u015fartlar\u0131n\u0131 iyile\u015ftirecek iyi bir planlama yapt\u0131k ve bir noktaya getirdik. Hem s\u00fct\u00fcn kalitesini art\u0131rmak hem de \u015fehirde bir markala\u015fma s\u00fcrecini desteklemek istiyoruz&#8221; ifadelerini kulland\u0131.<br \/>\n<br \/>Toplant\u0131ya kat\u0131lan firma yetkilileri, Manisa\u2019da kooperatifle\u015fmeye destek olmak istediklerini belirtti. Yetkililer, \u00fcr\u00fcn kalite standard\u0131n\u0131n olu\u015fmas\u0131 durumunda s\u00fct\u00fcn al\u0131m\u0131 noktas\u0131nda bir sorun olmayaca\u011f\u0131, kaliteli \u00fcr\u00fcn\u00fc her zaman istediklerini, birlik ve kooperatiflerle \u00e7al\u0131\u015facaklar\u0131n\u0131 belirtirken \u00fcreticilerden de kendirleriyle ortak hareket etmelerini istedi.<br \/><\/p>\n","protected":false},"excerpt":{"rendered":"<p>\u00dcreticilerin g\u00fc\u00e7lendirilmesi ve kooperatifle\u015fmeye destek amac\u0131yla \u00e7al\u0131\u015fmalar\u0131n\u0131 s\u00fcrd\u00fcren Manisa B\u00fcy\u00fck\u015fehir Belediyesi, \u00fcretimin desteklenmesi ve \u00fcr\u00fcn kalitesinin art\u0131r\u0131lmas\u0131 konular\u0131nda yap\u0131labilecekleri g\u00f6r\u00fc\u015fmek i\u00e7in kentte faaliyet g\u00f6steren s\u00fct toplama, i\u015fleme ve pazarlama firmalar\u0131yla bir araya geldi. Manisa B\u00fcy\u00fck\u015fehir Belediyesi\u2019nin daveti ile kentte faaliyet g\u00f6steren s\u00fct toplama, i\u015fleme ve pazarlama firmalar\u0131yla bir toplant\u0131 ger\u00e7ekle\u015ftirildi. Toplant\u0131da; sekt\u00f6r\u00fcn sorunlar\u0131, \u00e7\u00f6z\u00fcm \u00f6nerileri&#8230;<\/p>\n","protected":false},"author":1,"featured_media":19605,"comment_status":"open","ping_status":"open","sticky":false,"template":"","format":"standard","meta":{"_crdt_document":"","footnotes":""},"categories":[125],"tags":[],"class_list":["post-19604","post","type-post","status-publish","format-standard","has-post-thumbnail","hentry","category-ekonomi"],"_links":{"self":[{"href":"https:\/\/www.egemtv.com\/index.php?rest_route=\/wp\/v2\/posts\/19604","targetHints":{"allow":["GET"]}}],"collection":[{"href":"https:\/\/www.egemtv.com\/index.php?rest_route=\/wp\/v2\/posts"}],"about":[{"href":"https:\/\/www.egemtv.com\/index.php?rest_route=\/wp\/v2\/types\/post"}],"author":[{"embeddable":true,"href":"https:\/\/www.egemtv.com\/index.php?rest_route=\/wp\/v2\/users\/1"}],"replies":[{"embeddable":true,"href":"https:\/\/www.egemtv.com\/index.php?rest_route=%2Fwp%2Fv2%2Fcomments&post=19604"}],"version-history":[{"count":1,"href":"https:\/\/www.egemtv.com\/index.php?rest_route=\/wp\/v2\/posts\/19604\/revisions"}],"predecessor-version":[{"id":19606,"href":"https:\/\/www.egemtv.com\/index.php?rest_route=\/wp\/v2\/posts\/19604\/revisions\/19606"}],"wp:featuredmedia":[{"embeddable":true,"href":"https:\/\/www.egemtv.com\/index.php?rest_route=\/wp\/v2\/media\/19605"}],"wp:attachment":[{"href":"https:\/\/www.egemtv.com\/index.php?rest_route=%2Fwp%2Fv2%2Fmedia&parent=19604"}],"wp:term":[{"taxonomy":"category","embeddable":true,"href":"https:\/\/www.egemtv.com\/index.php?rest_route=%2Fwp%2Fv2%2Fcategories&post=19604"},{"taxonomy":"post_tag","embeddable":true,"href":"https:\/\/www.egemtv.com\/index.php?rest_route=%2Fwp%2Fv2%2Ftags&post=19604"}],"curies":[{"name":"wp","href":"https:\/\/api.w.org\/{rel}","templated":true}]}}