{"id":19601,"date":"2025-02-17T13:14:14","date_gmt":"2025-02-17T10:14:14","guid":{"rendered":"https:\/\/www.egemtv.com\/?p=19601"},"modified":"2025-02-17T13:14:22","modified_gmt":"2025-02-17T10:14:22","slug":"kirkagacta-eski-asbestli-alt-yapilar-degistiriliyor","status":"publish","type":"post","link":"https:\/\/www.egemtv.com\/?p=19601","title":{"rendered":"K\u0131rka\u011fa\u00e7\u2019ta eski asbestli alt yap\u0131lar de\u011fi\u015ftiriliyor"},"content":{"rendered":"<p>Manisa Su ve Kanalizasyon \u0130daresi (MASK\u0130) Genel M\u00fcd\u00fcrl\u00fc\u011f\u00fc \u0130\u00e7me Suyu Dairesi Ba\u015fkanl\u0131\u011f\u0131 b\u00fcnyesinde K\u0131rka\u011fa\u00e7 \u0130l\u00e7esi H\u0131d\u0131ra\u011fa Mahallesi\u2019nde 8 bin 760 metrelik i\u00e7me suyu \u015febekesi ve k\u0131smi terfi hatt\u0131 yenileme i\u015fi ba\u015flad\u0131. Eski sa\u011fl\u0131ks\u0131z asbest borular, yerini modern alt yap\u0131ya b\u0131rakacak. Mahallelerde uzun y\u0131llard\u0131r ya\u015fanan su kesintileri de yap\u0131lan \u00e7al\u0131\u015fma ile son bulacak.<br \/>\n<br \/>Manisa B\u00fcy\u00fck\u015fehir Belediyesi, il genelinde alt yap\u0131 sorunlar\u0131n\u0131 ortadan kald\u0131rmak i\u00e7in \u00e7al\u0131\u015fmalar\u0131n\u0131 s\u00fcrd\u00fcr\u00fcyor.<br \/>\n<br \/>Manisa Su ve Kanalizasyon \u0130daresi (MASK\u0130) Genel M\u00fcd\u00fcrl\u00fc\u011f\u00fc, B\u00fcy\u00fck\u015fehir Belediye Ba\u015fkan\u0131 Ferdi Zeyrek\u2019in ba\u015flatt\u0131\u011f\u0131 altyap\u0131 seferberli\u011fi kapsam\u0131nda \u00e7al\u0131\u015fmalar\u0131na devam ediyor. Bu kapsamda, \u0130\u00e7me Suyu Dairesi Ba\u015fkanl\u0131\u011f\u0131 b\u00fcnyesinde K\u0131rka\u011fa\u00e7 \u0130l\u00e7esi H\u0131d\u0131ra\u011fa Mahallesi\u2019nde 8 bin 760 metrelik i\u00e7me suyu \u015febekesi ve k\u0131smi terfi hatt\u0131 yenileme i\u015fine ba\u015fland\u0131. Bran\u015fman ba\u011flant\u0131lar\u0131n\u0131n da yenilenece\u011fi \u00e7al\u0131\u015fmadan Karaali, Hac\u0131himmet, Cinosman ve Boduro\u011flu mahalleleri de faydalanacak. Eski sa\u011fl\u0131ks\u0131z asbest borular, yerini modern alt yap\u0131ya b\u0131rakacak. Mahallelerde uzun y\u0131llard\u0131r ya\u015fanan su kesintileri de yap\u0131lan \u00e7al\u0131\u015fma ile son bulacak.<\/p>\n<p>Mahalle sakinleri ve muhtarlar \u00e7al\u0131\u015fmalardan memnun<br \/>\n<br \/>Hac\u0131himmet Mahalle Muhtar\u0131 ve K\u0131rka\u011fa\u00e7 Roman K\u00fclt\u00fcr\u00fcn\u00fc Ya\u015fatma ve Yard\u0131mla\u015fma Derne\u011fi Ba\u015fkan\u0131 Ersin \u015eap, &#8220;1980 y\u0131l\u0131nda rahmeti Belediye Ba\u015fkan\u0131 Feyyaz Tanr\u0131yar d\u00f6neminde en son alt yap\u0131m\u0131z de\u011fi\u015ftirilmi\u015fti. Uzun y\u0131llard\u0131r alt yap\u0131lar\u0131m\u0131z s\u0131k\u0131nt\u0131l\u0131 durumdayd\u0131. B\u00fcy\u00fck\u015fehir Belediye Ba\u015fkan\u0131m\u0131z Ferdi Zeyrek ve K\u0131rka\u011fa\u00e7 Belediye Ba\u015fkan\u0131m\u0131z \u00dcst\u00fcn D\u00f6nmez\u2019e bu g\u00fczel \u00e7al\u0131\u015fmadan dolay\u0131 te\u015fekk\u00fcr ediyoruz. Bir muhtar olarak de\u011fil, bir Roman vatanda\u015f\u0131 olarak Ba\u015fkan\u0131m\u0131za \u00e7ok te\u015fekk\u00fcr ediyorum&#8221; ifadelerini kulland\u0131.<br \/>\n<br \/>H\u0131d\u0131ra\u011fa Mahalle Muhtar\u0131 B\u00fclent Portakal, &#8220;\u00d6ncelikle B\u00fcy\u00fck\u015fehir Belediye Ba\u015fkan\u0131m\u0131za ve K\u0131rka\u011fa\u00e7 Belediye Ba\u015fkan\u0131m\u0131za \u00e7ok te\u015fekk\u00fcr ediyorum. Yol sorunumuza ve su sorunumuza yard\u0131mc\u0131 oluyorlar. Y\u0131llard\u0131r sular\u0131m\u0131z akm\u0131yordu. Y\u0131llard\u0131r Roman Mahallemiz hep geride kalm\u0131\u015ft\u0131. Ferdi Ba\u015fkan\u0131m\u0131z ve \u00dcst\u00fcn Ba\u015fkan\u0131m\u0131z sayesinde in\u015fallah daha iyi olacak&#8221; dedi.<br \/>\n<br \/>Karaali Mahalle Muhtar\u0131 Onur G\u00fcm\u00fc\u015f, &#8220;Mahallemizde \u00f6nceki d\u00f6nemlerde alt yap\u0131 \u00e7al\u0131\u015fmas\u0131 g\u00f6rmedik. Allah raz\u0131 olsun Ba\u015fkanlar\u0131m\u0131z se\u00e7imden \u00f6nce bize verdikleri s\u00f6zleri yerine getiriyor. A\u015f\u0131r\u0131 derecede su kesintisi ya\u015f\u0131yorduk. Ba\u015fkanlar\u0131m\u0131za te\u015fekk\u00fcr ediyoruz&#8221;  diye konu\u015ftu.<br \/>\n<br \/>Cinosman Mahalle Muhtar\u0131 Musa Emrem de &#8220;\u00d6ncelikle su sorunumuzu gidermek i\u00e7in \u00e7al\u0131\u015fan B\u00fcy\u00fck\u015fehir Belediye Ba\u015fkan\u0131 Ferdi Zeyrek ve K\u0131rka\u011fa\u00e7 Belediye Ba\u015fkan\u0131 \u00dcst\u00fcn D\u00f6nmez\u2019e sonsuz te\u015fekk\u00fcr ediyorum. Daha \u00f6nce b\u00f6yle bir \u00e7al\u0131\u015fma olmad\u0131. Daha \u00f6nce vatanda\u015flar s\u00fcrekli bizi aray\u0131p, su kesintilerinden rahats\u0131z olduklar\u0131n\u0131 dile getiriyorlard\u0131. Bunlar\u0131n son bulaca\u011f\u0131na inan\u0131yorum ve \u00e7al\u0131\u015fmalar\u0131nda ba\u015far\u0131lar diliyorum&#8221;  dedi.<br \/>\n<br \/>Mahalle sakini Mehtap Canbaz, &#8220;\u00c7ama\u015f\u0131r y\u0131kaca\u011f\u0131z su yok. Banyo yapaca\u011f\u0131z su yok. Abdest alaca\u011f\u0131z, namaz k\u0131laca\u011f\u0131z, su yok. Ba\u015fkan\u0131m\u0131zdan Allah raz\u0131 olsun, bizimle ilgileniyor. \u00c7ok ya\u015fas\u0131n Ferdi Zeyrek&#8221; diyerek duygular\u0131n\u0131 dile getirdi.<br \/>\n<br \/>Bir di\u011fer mahalle sakini Ceyhun \u015eap ise &#8220;Bu \u00e7al\u0131\u015fmalardan dolay\u0131 te\u015fekk\u00fcr ederiz. Sa\u011f olsunlar, 10 numara oluyor, g\u00fczel oluyor. Eskiden \u00e7ok s\u0131k sular\u0131m\u0131z kesiliyordu. Patlaklar oluyordu. \u00c7al\u0131\u015fma bitince s\u0131k\u0131nt\u0131lar\u0131m\u0131z ortadan kalkacak&#8221; dedi.<br \/><\/p>\n","protected":false},"excerpt":{"rendered":"<p>Manisa Su ve Kanalizasyon \u0130daresi (MASK\u0130) Genel M\u00fcd\u00fcrl\u00fc\u011f\u00fc \u0130\u00e7me Suyu Dairesi Ba\u015fkanl\u0131\u011f\u0131 b\u00fcnyesinde K\u0131rka\u011fa\u00e7 \u0130l\u00e7esi H\u0131d\u0131ra\u011fa Mahallesi\u2019nde 8 bin 760 metrelik i\u00e7me suyu \u015febekesi ve k\u0131smi terfi hatt\u0131 yenileme i\u015fi ba\u015flad\u0131. Eski sa\u011fl\u0131ks\u0131z asbest borular, yerini modern alt yap\u0131ya b\u0131rakacak. Mahallelerde uzun y\u0131llard\u0131r ya\u015fanan su kesintileri de yap\u0131lan \u00e7al\u0131\u015fma ile son bulacak. Manisa B\u00fcy\u00fck\u015fehir Belediyesi,&#8230;<\/p>\n","protected":false},"author":1,"featured_media":19602,"comment_status":"open","ping_status":"open","sticky":false,"template":"","format":"standard","meta":{"_crdt_document":"","footnotes":""},"categories":[2],"tags":[],"class_list":["post-19601","post","type-post","status-publish","format-standard","has-post-thumbnail","hentry","category-saglik"],"_links":{"self":[{"href":"https:\/\/www.egemtv.com\/index.php?rest_route=\/wp\/v2\/posts\/19601","targetHints":{"allow":["GET"]}}],"collection":[{"href":"https:\/\/www.egemtv.com\/index.php?rest_route=\/wp\/v2\/posts"}],"about":[{"href":"https:\/\/www.egemtv.com\/index.php?rest_route=\/wp\/v2\/types\/post"}],"author":[{"embeddable":true,"href":"https:\/\/www.egemtv.com\/index.php?rest_route=\/wp\/v2\/users\/1"}],"replies":[{"embeddable":true,"href":"https:\/\/www.egemtv.com\/index.php?rest_route=%2Fwp%2Fv2%2Fcomments&post=19601"}],"version-history":[{"count":1,"href":"https:\/\/www.egemtv.com\/index.php?rest_route=\/wp\/v2\/posts\/19601\/revisions"}],"predecessor-version":[{"id":19603,"href":"https:\/\/www.egemtv.com\/index.php?rest_route=\/wp\/v2\/posts\/19601\/revisions\/19603"}],"wp:featuredmedia":[{"embeddable":true,"href":"https:\/\/www.egemtv.com\/index.php?rest_route=\/wp\/v2\/media\/19602"}],"wp:attachment":[{"href":"https:\/\/www.egemtv.com\/index.php?rest_route=%2Fwp%2Fv2%2Fmedia&parent=19601"}],"wp:term":[{"taxonomy":"category","embeddable":true,"href":"https:\/\/www.egemtv.com\/index.php?rest_route=%2Fwp%2Fv2%2Fcategories&post=19601"},{"taxonomy":"post_tag","embeddable":true,"href":"https:\/\/www.egemtv.com\/index.php?rest_route=%2Fwp%2Fv2%2Ftags&post=19601"}],"curies":[{"name":"wp","href":"https:\/\/api.w.org\/{rel}","templated":true}]}}