{"id":19598,"date":"2025-02-17T13:09:05","date_gmt":"2025-02-17T10:09:05","guid":{"rendered":"https:\/\/www.egemtv.com\/?p=19598"},"modified":"2025-02-17T13:09:13","modified_gmt":"2025-02-17T10:09:13","slug":"kizilcakoyde-yoruk-gelenegi-yasatildi","status":"publish","type":"post","link":"https:\/\/www.egemtv.com\/?p=19598","title":{"rendered":"K\u0131z\u0131lcak\u00f6y\u2019de Y\u00f6r\u00fck Gelene\u011fi ya\u015fat\u0131ld\u0131"},"content":{"rendered":"<p>Ayd\u0131n\u2019\u0131n Efeler \u00e7ilesine ba\u011fl\u0131k K\u0131z\u0131lcak\u00f6y Mahallesinde \u2018Y\u00f6r\u00fck toyu ve \u015fenli\u011fi\u2019 ger\u00e7ekle\u015ftirildi. T\u00fcrkiye\u2019nin d\u00f6rt bir yan\u0131ndan gelen Y\u00f6r\u00fck Dernekleri, \u015fenlikte k\u00fclt\u00fcrlerini yapt\u0131klar\u0131 g\u00f6sterilerle tan\u0131tt\u0131.<\/p>\n<p>K\u0131z\u0131lcak\u00f6y Efeler ve Y\u00f6r\u00fckler Derne\u011fi Ba\u015fkan\u0131 Veysel Erdemli, \u00f6nc\u00fcl\u00fc\u011f\u00fcnde bu y\u0131l \u2018Y\u00f6r\u00fck Toyu ve \u015eenli\u011fi\u2019nin d\u00f6rd\u00fcnc\u00fcs\u00fc ger\u00e7ekle\u015ftirildi. K\u0131z\u0131lcak\u00f6y\u2019de yap\u0131lan \u015fenli\u011fe T\u00fcrkiye\u2019nin d\u00f6rt bir yan\u0131ndan Y\u00f6r\u00fck Dernekleri kat\u0131ld\u0131.<\/p>\n<p>Vatanda\u015flar\u0131n da \u015fenli\u011fe ilgisi yo\u011fun oldu. \u00d6\u011flen saatlerinde etkinli\u011fe kat\u0131lanlara ke\u015fkek ve pilav ikram edildi. Farkl\u0131 y\u00f6relere ait halk oyunu g\u00f6sterisinin yap\u0131ld\u0131\u011f\u0131 \u015fenlikte, y\u00f6resel sanat\u00e7\u0131lar t\u00fcrk\u00fcler s\u00f6yledi. T\u00fcrk\u00fcler e\u015fli\u011finde oyunlar oynand\u0131. Ayr\u0131ca Y\u00f6r\u00fck gelini alma merasimi yap\u0131ld\u0131. Davul zurna e\u015fli\u011finde gelin evine gidildi. Gelin evinin \u00f6n\u00fcnde oynayan Y\u00f6r\u00fckler, gelini evden dualar e\u015fli\u011finde al\u0131p ata bindirdi. At \u00fczerinde mahalle meydan\u0131na g\u00f6t\u00fcr\u00fclen geline k\u0131na yak\u0131ld\u0131, halk oyunu oynand\u0131.<\/p>\n<p>Y\u00f6r\u00fck \u015fenli\u011fini co\u015fku ile kutlad\u0131klar\u0131n\u0131 belirten gelin Tu\u011f\u00e7e Medine Do\u011fan, &#8220;Gelin alma t\u00f6renimizi yapt\u0131k. Evden at ile birlikte ald\u0131lar. Meydana geldik. G\u00fczel bir merasim oldu. Birlikte oynad\u0131k. Her \u015fey \u00e7ok g\u00fczeldi&#8221; dedi. Davetliler de zaman zaman halk oyunlar\u0131na e\u015flik etti. Renkli g\u00f6r\u00fcnt\u00fclerin olu\u015ftu\u011fu \u015fenlik g\u00fcn boyu s\u00fcrd\u00fc.<\/p>\n<p>Y\u00f6r\u00fck toyunun d\u00f6rd\u00fcnc\u00fcs\u00fcn\u00fc ger\u00e7ekle\u015ftirdiklerini belirten K\u0131z\u0131lcak\u00f6y Efeler ve Y\u00f6r\u00fck Derne\u011fi Ba\u015fkan\u0131 Veysel Erdemli, &#8220;Halk oyunlar\u0131, gelin alma, k\u0131na yakma program\u0131 ger\u00e7ekle\u015ftirdik. Halk sanat\u00e7\u0131lar\u0131m\u0131z sahne ald\u0131. Y\u00f6r\u00fck k\u00fclt\u00fcr\u00fcn\u00fc tan\u0131tmak i\u00e7in \u00e7al\u0131\u015f\u0131yoruz. Y\u00f6r\u00fck toyumuza vatanda\u015flar\u0131n ilgisi yo\u011fun oldu. T\u00fcrkiye\u2019nin d\u00f6rt bir yan\u0131ndan Y\u00f6r\u00fck Dernekleri etkinli\u011fimize kat\u0131l\u0131p bizleri yaln\u0131z b\u0131rakmad\u0131. Yapt\u0131klar\u0131 g\u00f6sterilerle k\u00fclt\u00fcrlerini tan\u0131tt\u0131lar&#8221; dedi.<br \/><\/p>\n","protected":false},"excerpt":{"rendered":"<p>Ayd\u0131n\u2019\u0131n Efeler \u00e7ilesine ba\u011fl\u0131k K\u0131z\u0131lcak\u00f6y Mahallesinde \u2018Y\u00f6r\u00fck toyu ve \u015fenli\u011fi\u2019 ger\u00e7ekle\u015ftirildi. T\u00fcrkiye\u2019nin d\u00f6rt bir yan\u0131ndan gelen Y\u00f6r\u00fck Dernekleri, \u015fenlikte k\u00fclt\u00fcrlerini yapt\u0131klar\u0131 g\u00f6sterilerle tan\u0131tt\u0131. K\u0131z\u0131lcak\u00f6y Efeler ve Y\u00f6r\u00fckler Derne\u011fi Ba\u015fkan\u0131 Veysel Erdemli, \u00f6nc\u00fcl\u00fc\u011f\u00fcnde bu y\u0131l \u2018Y\u00f6r\u00fck Toyu ve \u015eenli\u011fi\u2019nin d\u00f6rd\u00fcnc\u00fcs\u00fc ger\u00e7ekle\u015ftirildi. K\u0131z\u0131lcak\u00f6y\u2019de yap\u0131lan \u015fenli\u011fe T\u00fcrkiye\u2019nin d\u00f6rt bir yan\u0131ndan Y\u00f6r\u00fck Dernekleri kat\u0131ld\u0131. Vatanda\u015flar\u0131n da \u015fenli\u011fe ilgisi yo\u011fun&#8230;<\/p>\n","protected":false},"author":1,"featured_media":19599,"comment_status":"open","ping_status":"open","sticky":false,"template":"","format":"standard","meta":{"_crdt_document":"","footnotes":""},"categories":[1],"tags":[],"class_list":["post-19598","post","type-post","status-publish","format-standard","has-post-thumbnail","hentry","category-guncel"],"_links":{"self":[{"href":"https:\/\/www.egemtv.com\/index.php?rest_route=\/wp\/v2\/posts\/19598","targetHints":{"allow":["GET"]}}],"collection":[{"href":"https:\/\/www.egemtv.com\/index.php?rest_route=\/wp\/v2\/posts"}],"about":[{"href":"https:\/\/www.egemtv.com\/index.php?rest_route=\/wp\/v2\/types\/post"}],"author":[{"embeddable":true,"href":"https:\/\/www.egemtv.com\/index.php?rest_route=\/wp\/v2\/users\/1"}],"replies":[{"embeddable":true,"href":"https:\/\/www.egemtv.com\/index.php?rest_route=%2Fwp%2Fv2%2Fcomments&post=19598"}],"version-history":[{"count":1,"href":"https:\/\/www.egemtv.com\/index.php?rest_route=\/wp\/v2\/posts\/19598\/revisions"}],"predecessor-version":[{"id":19600,"href":"https:\/\/www.egemtv.com\/index.php?rest_route=\/wp\/v2\/posts\/19598\/revisions\/19600"}],"wp:featuredmedia":[{"embeddable":true,"href":"https:\/\/www.egemtv.com\/index.php?rest_route=\/wp\/v2\/media\/19599"}],"wp:attachment":[{"href":"https:\/\/www.egemtv.com\/index.php?rest_route=%2Fwp%2Fv2%2Fmedia&parent=19598"}],"wp:term":[{"taxonomy":"category","embeddable":true,"href":"https:\/\/www.egemtv.com\/index.php?rest_route=%2Fwp%2Fv2%2Fcategories&post=19598"},{"taxonomy":"post_tag","embeddable":true,"href":"https:\/\/www.egemtv.com\/index.php?rest_route=%2Fwp%2Fv2%2Ftags&post=19598"}],"curies":[{"name":"wp","href":"https:\/\/api.w.org\/{rel}","templated":true}]}}