{"id":19595,"date":"2025-02-17T13:09:00","date_gmt":"2025-02-17T10:09:00","guid":{"rendered":"https:\/\/www.egemtv.com\/?p=19595"},"modified":"2025-02-17T13:09:04","modified_gmt":"2025-02-17T10:09:04","slug":"chpli-donmez-salihlide-ikinci-kez-hakim-karsisina-cikti","status":"publish","type":"post","link":"https:\/\/www.egemtv.com\/?p=19595","title":{"rendered":"CHP\u2019li D\u00f6nmez, Salihli\u2019de ikinci kez hakim kar\u015f\u0131s\u0131na \u00e7\u0131kt\u0131"},"content":{"rendered":"<p>Manisa\u2019n\u0131n Kula il\u00e7esinde 2 ki\u015finin darp edilmesi iddias\u0131yla dava a\u00e7\u0131lan ve g\u00f6revden uzakla\u015ft\u0131r\u0131lan CHP\u2019li Kula Belediye Ba\u015fkan\u0131 Hikmet D\u00f6nmez ile toplam 7 san\u0131k, Salihli\u2019de ikinci kez hakim kar\u015f\u0131s\u0131na \u00e7\u0131kt\u0131.<br \/>\n<br \/>Kula Belediye Ba\u015fkan\u0131 Hikmet D\u00f6nmez, iddiaya g\u00f6re; ge\u00e7en y\u0131l 27 Haziran g\u00fcn\u00fc parke ta\u015f\u0131 temini i\u00e7in \u015firketiyle s\u00f6zle\u015fme imzalad\u0131klar\u0131 M.U. ile H.D.\u2019yi y\u00fck\u00fcml\u00fcl\u00fcklerini yerine getirmemesi nedeniyle belediyeye \u00e7a\u011f\u0131rd\u0131. Ba\u015fkan D\u00f6nmez, firmayla olan s\u00f6zle\u015fmesini feshetmek istedi. Bunun \u00fczerine \u00e7\u0131kan tart\u0131\u015fmada firma yetkilileri ile Ba\u015fkan D\u00f6nmez aras\u0131nda arbede ya\u015fand\u0131.<br \/>\n<br \/>Sesleri duyarak i\u00e7eri giren Ba\u015fkan D\u00f6nmez\u2019in koruma R\u0131za Gidi\u015f ve \u015fof\u00f6r\u00fc Mustafa Onur Aksoy, firma yetkilileri M.U ve H.D\u2019yi makam odas\u0131ndan \u00e7\u0131kard\u0131.<br \/>\n<br \/>M.U. ve H.D., Ba\u015fkan D\u00f6nmez\u2019in makam odas\u0131nda darp edildiklerini iddia ederek polise ba\u015fvurdu. \u015eikayet sonras\u0131 Ba\u015fkan D\u00f6nmez, \u015fof\u00f6r\u00fc Aksoy ve korumas\u0131 Gidi\u015f, g\u00f6zalt\u0131na al\u0131nd\u0131.<br \/>\n<br \/>Kula \u0130l\u00e7e Emniyet M\u00fcd\u00fcrl\u00fc\u011f\u00fc\u2019ndeki ifadelerinin ard\u0131ndan mahkemeye sevk edilen Aksoy ve Gidi\u015f tutuklanarak cezaevine g\u00f6nderildi.<br \/>\n<br \/>Ba\u015fkan D\u00f6nmez de Kula Devlet Hastanesi\u2019nden darp raporu ald\u0131ktan sonra emniyete giderek M.U. ve H.D. hakk\u0131nda \u015fikayet\u00e7i oldu. G\u00f6zalt\u0131na al\u0131nan M.U. ve H.D. ifadelerinin ard\u0131ndan serbest b\u0131rak\u0131ld\u0131.<br \/>\n<br \/>Ba\u015fkan D\u00f6nmez de 30 Haziran tarihinde sevk edildi\u011fi adliyede \u00e7\u0131kar\u0131ld\u0131\u011f\u0131 mahkeme taraf\u0131ndan \u2018Ya\u011fma su\u00e7una azmettirme\u2019 iddias\u0131yla tutukland\u0131.<br \/>\n<br \/>29 Temmuz\u2019da Ba\u015fkan D\u00f6nmez, tutuksuz yarg\u0131lanmak \u00fczere serbest b\u0131rak\u0131l\u0131rken \u015fof\u00f6r Mustafa Onur Aksoy ve koruma R\u0131za Gidi\u015f de 6 A\u011fustos tarihinde tutuksuz yarg\u0131lanmak \u00fczere serbest b\u0131rak\u0131ld\u0131. Soru\u015fturma nedeniyle D\u00f6nmez\u2019in yerine 8 Temmuz tarihinde yap\u0131lan se\u00e7imlerde meclis \u00fcyesi Semra G\u00fcnd\u00fcz, ba\u015fkanvekili se\u00e7ildi.<br \/>\n<br \/>Olayla ilgili olarak tamamlanan soru\u015fturman\u0131n ard\u0131ndan D\u00f6nmez, \u015fof\u00f6r\u00fc Aksoy ve koruma Gidi\u015f hakk\u0131nda \u2018Hukuki alaca\u011f\u0131n tahsili amac\u0131yla ya\u011fma\u2019, \u2018V\u00fccutta kemik k\u0131r\u0131\u011f\u0131 olu\u015facak \u015fekilde kasten yaralama\u2019, \u2018Tehdit ve  Ki\u015fiyi H\u00fcrriyetinden yoksun b\u0131rakma\u2019 su\u00e7lar\u0131ndan, di\u011fer 5 san\u0131\u011f\u0131n da darp su\u00e7lamas\u0131yla cezaland\u0131r\u0131lmas\u0131 talep edildi.<br \/>\n<br \/>Salihli A\u011f\u0131r Ceza Mahkemesi\u2019nde 17 Ocak tarihinde g\u00f6r\u00fclen ilk duru\u015fmada mahkeme, san\u0131klar\u0131n adli kontrol \u015fart\u0131n\u0131n kald\u0131r\u0131lmas\u0131 talebini reddederken, M.U.\u2019n\u0131n darp raporunun kesin sonu\u00e7lar\u0131n\u0131n beklenmesi, 112 Acil \u00c7a\u011fr\u0131 Merkezi ile yap\u0131lan konu\u015fma kay\u0131tlar\u0131n\u0131n istenmesi ve san\u0131klara ek savunma s\u00fcresi verilmesi i\u00e7in duru\u015fmay\u0131 17 \u015eubat tarihine erteledi.<br \/>\n<br \/>Bug\u00fcn ger\u00e7ekle\u015ftirilen 2. duru\u015fmada, m\u00fc\u015fteki san\u0131klardan M.U.\u2019nun avukat\u0131 \u00d6mer Tel\u00e7eken, m\u00fcvekkilinin darp olay\u0131 sonras\u0131 hastanede \u00e7ekilen foto\u011fraflar\u0131n\u0131 mahkeme heyetine sunarak, darp izlerinin bir sopadan kaynakland\u0131\u011f\u0131n\u0131, kemik k\u0131r\u0131klar\u0131n\u0131n sopa d\u0131\u015f\u0131nda ba\u015fka bir cisimle olu\u015fmas\u0131n\u0131n m\u00fcmk\u00fcn olmad\u0131\u011f\u0131n\u0131 belirterek s\u00f6z konusu sopan\u0131n bulunmas\u0131n\u0131 istedi.<br \/>\n<br \/>Tel\u00e7eken ayr\u0131ca, darp sonras\u0131 makam odas\u0131nda kan izleri olu\u015fan hal\u0131n\u0131n belediye personeli taraf\u0131ndan belediyeden \u00e7\u0131kart\u0131larak delillerin karart\u0131ld\u0131\u011f\u0131n\u0131 bu  olayla ilgili olarak 2 tan\u0131\u011f\u0131n bulundu\u011funu ve bu tan\u0131klar\u0131n dinlenmesini istedi.<br \/>\n<br \/>D\u00f6nmez\u2019in avukatlar\u0131ndan Ufuk Mansuro\u011flu ise m\u00fcvekkili hakk\u0131nda m\u00fc\u015fteri avukatlar\u0131 taraf\u0131ndan istenen taleplerin mahkeme s\u00fcrecini uzatmaya y\u00f6nelik oldu\u011funu, bu taleplerin ise bir anlamda m\u00fcvekkilini dolayl\u0131 olarak cezaland\u0131rd\u0131\u011f\u0131n\u0131 belirterek taleplerin reddedilmesini istedi. Mansuro\u011flu ayr\u0131ca, m\u00fcvekkili hakk\u0131ndaki yurt d\u0131\u015f\u0131na \u00e7\u0131k\u0131\u015f yasa\u011f\u0131n\u0131n kald\u0131r\u0131lmas\u0131n\u0131, K\u00fctahya Adli T\u0131p Kurumu\u2019ndaki personel say\u0131s\u0131n\u0131n az olmas\u0131 nedeniyle beklenen raporunun uzun bir s\u00fcre gelemeyece\u011fini, bu nedenle s\u00f6z konusu raporun daha k\u0131sa s\u00fcre gelebilmesi i\u00e7in \u0130zmir Adli T\u0131p Kurumu\u2019nun g\u00f6revlendirilmesini talep etti.<br \/>\n<br \/>D\u00f6nmez, \u0130\u00e7i\u015fleri Bakanl\u0131\u011f\u0131 taraf\u0131ndan hakk\u0131nda verilen g\u00f6revden uzakla\u015ft\u0131rma karar\u0131n\u0131n Manisa \u0130dare Mahkemesi taraf\u0131ndan kald\u0131r\u0131ld\u0131\u011f\u0131n\u0131, k\u0131sa s\u00fcre i\u00e7erisinde g\u00f6reve iade edilmeyi bekledi\u011fini s\u00f6yledi. D\u00f6nmez ilk duru\u015fmada yapt\u0131\u011f\u0131 savunmaya ek olarak hakk\u0131ndaki yurt d\u0131\u015f\u0131na \u00e7\u0131kma yasa\u011f\u0131n\u0131n da kald\u0131r\u0131lmas\u0131n\u0131 talep etti.<br \/>\n<br \/>Mahkeme heyeti ise verilen aran\u0131n ard\u0131ndan, D\u00f6nmez hakk\u0131ndaki yurt d\u0131\u015f\u0131na \u00e7\u0131k\u0131\u015f yasa\u011f\u0131n\u0131n kald\u0131r\u0131lmas\u0131, adli t\u0131p raporu i\u00e7in K\u00fctahya yerine \u0130zmir Adli T\u0131p Kurumu\u2019nun g\u00f6revlendirilmesi taleplerini reddederken, duru\u015fmay\u0131 9 Eyl\u00fcl tarihine erteledi.<br \/><\/p>\n","protected":false},"excerpt":{"rendered":"<p>Manisa\u2019n\u0131n Kula il\u00e7esinde 2 ki\u015finin darp edilmesi iddias\u0131yla dava a\u00e7\u0131lan ve g\u00f6revden uzakla\u015ft\u0131r\u0131lan CHP\u2019li Kula Belediye Ba\u015fkan\u0131 Hikmet D\u00f6nmez ile toplam 7 san\u0131k, Salihli\u2019de ikinci kez hakim kar\u015f\u0131s\u0131na \u00e7\u0131kt\u0131. Kula Belediye Ba\u015fkan\u0131 Hikmet D\u00f6nmez, iddiaya g\u00f6re; ge\u00e7en y\u0131l 27 Haziran g\u00fcn\u00fc parke ta\u015f\u0131 temini i\u00e7in \u015firketiyle s\u00f6zle\u015fme imzalad\u0131klar\u0131 M.U. ile H.D.\u2019yi y\u00fck\u00fcml\u00fcl\u00fcklerini yerine getirmemesi nedeniyle&#8230;<\/p>\n","protected":false},"author":1,"featured_media":19596,"comment_status":"open","ping_status":"open","sticky":false,"template":"","format":"standard","meta":{"_crdt_document":"","footnotes":""},"categories":[127],"tags":[],"class_list":["post-19595","post","type-post","status-publish","format-standard","has-post-thumbnail","hentry","category-siyaset"],"_links":{"self":[{"href":"https:\/\/www.egemtv.com\/index.php?rest_route=\/wp\/v2\/posts\/19595","targetHints":{"allow":["GET"]}}],"collection":[{"href":"https:\/\/www.egemtv.com\/index.php?rest_route=\/wp\/v2\/posts"}],"about":[{"href":"https:\/\/www.egemtv.com\/index.php?rest_route=\/wp\/v2\/types\/post"}],"author":[{"embeddable":true,"href":"https:\/\/www.egemtv.com\/index.php?rest_route=\/wp\/v2\/users\/1"}],"replies":[{"embeddable":true,"href":"https:\/\/www.egemtv.com\/index.php?rest_route=%2Fwp%2Fv2%2Fcomments&post=19595"}],"version-history":[{"count":1,"href":"https:\/\/www.egemtv.com\/index.php?rest_route=\/wp\/v2\/posts\/19595\/revisions"}],"predecessor-version":[{"id":19597,"href":"https:\/\/www.egemtv.com\/index.php?rest_route=\/wp\/v2\/posts\/19595\/revisions\/19597"}],"wp:featuredmedia":[{"embeddable":true,"href":"https:\/\/www.egemtv.com\/index.php?rest_route=\/wp\/v2\/media\/19596"}],"wp:attachment":[{"href":"https:\/\/www.egemtv.com\/index.php?rest_route=%2Fwp%2Fv2%2Fmedia&parent=19595"}],"wp:term":[{"taxonomy":"category","embeddable":true,"href":"https:\/\/www.egemtv.com\/index.php?rest_route=%2Fwp%2Fv2%2Fcategories&post=19595"},{"taxonomy":"post_tag","embeddable":true,"href":"https:\/\/www.egemtv.com\/index.php?rest_route=%2Fwp%2Fv2%2Ftags&post=19595"}],"curies":[{"name":"wp","href":"https:\/\/api.w.org\/{rel}","templated":true}]}}