{"id":19592,"date":"2025-02-17T13:04:23","date_gmt":"2025-02-17T10:04:23","guid":{"rendered":"https:\/\/www.egemtv.com\/?p=19592"},"modified":"2025-02-17T13:04:28","modified_gmt":"2025-02-17T10:04:28","slug":"ak-parti-mugla-il-baskani-lacin-kongre-oncesi-aciklamada-bulundu","status":"publish","type":"post","link":"https:\/\/www.egemtv.com\/?p=19592","title":{"rendered":"AK Parti Mu\u011fla \u0130l Ba\u015fkan\u0131 La\u00e7in, kongre \u00f6ncesi a\u00e7\u0131klamada bulundu"},"content":{"rendered":"<p>AK Parti Mu\u011fla \u0130l Ba\u015fkan\u0131 Haluk La\u00e7in, 23 \u015eubat 2025\u2019te ger\u00e7ekle\u015ftirilecek AK Parti 8. Ola\u011fan B\u00fcy\u00fck Kongresi \u00f6ncesinde a\u00e7\u0131klamalarda bulundu. \u0130l Ba\u015fkan\u0131 La\u00e7in, parti kadrolar\u0131nda yap\u0131lan de\u011fi\u015fiklikler, Mu\u011fla\u2019ya y\u00f6nelik \u00e7al\u0131\u015fmalar ve gelece\u011fe dair hedefler hakk\u0131nda bilgi verdi.<\/p>\n<p>AK Parti Mu\u011fla \u0130l Ba\u015fkanl\u0131\u011f\u0131\u2019nda y\u00fczde 75 oran\u0131nda bir de\u011fi\u015fim ya\u015fand\u0131\u011f\u0131n\u0131 belirten La\u00e7in, parti i\u00e7erisinde eski-yeni ayr\u0131m\u0131 yapmad\u0131klar\u0131n\u0131 vurgulayarak, AK Parti\u2019nin birlik ve beraberlik ruhu i\u00e7inde hareket etti\u011fini ifade etti.<\/p>\n<p>La\u00e7in, kongre \u00f6ncesi yapt\u0131\u011f\u0131 a\u00e7\u0131klamada \u015fu ifadelere yer verdi: &#8220;AK Partimizin \u0131\u015f\u0131\u011f\u0131ndaki istikbal ile gelece\u011fi in\u015fa etmeye, kalk\u0131nmay\u0131 h\u0131zland\u0131rmaya, huzuru ve bar\u0131\u015f\u0131 g\u00fc\u00e7lendirmeye, gen\u00e7li\u011fe umut olmaya, ba\u015far\u0131y\u0131 b\u00fcy\u00fctmeye, \u00fcretimi art\u0131rmaya, \u015fefkati ve adaleti yaymaya ve istikrar\u0131 s\u00fcrd\u00fcrmeye devam edece\u011fiz. Bu vesileyle, kongremiz \u00fclkemize ve milletimize hay\u0131rl\u0131 olsun diyor, 23 \u015eubat\u2019ta b\u00fcy\u00fck bir co\u015fku ve heyecanla ger\u00e7ekle\u015ftirece\u011fimiz 8. Ola\u011fan Kongremize t\u00fcm milletimizi davet ediyoruz&#8221;<br \/><\/p>\n","protected":false},"excerpt":{"rendered":"<p>AK Parti Mu\u011fla \u0130l Ba\u015fkan\u0131 Haluk La\u00e7in, 23 \u015eubat 2025\u2019te ger\u00e7ekle\u015ftirilecek AK Parti 8. Ola\u011fan B\u00fcy\u00fck Kongresi \u00f6ncesinde a\u00e7\u0131klamalarda bulundu. \u0130l Ba\u015fkan\u0131 La\u00e7in, parti kadrolar\u0131nda yap\u0131lan de\u011fi\u015fiklikler, Mu\u011fla\u2019ya y\u00f6nelik \u00e7al\u0131\u015fmalar ve gelece\u011fe dair hedefler hakk\u0131nda bilgi verdi. AK Parti Mu\u011fla \u0130l Ba\u015fkanl\u0131\u011f\u0131\u2019nda y\u00fczde 75 oran\u0131nda bir de\u011fi\u015fim ya\u015fand\u0131\u011f\u0131n\u0131 belirten La\u00e7in, parti i\u00e7erisinde eski-yeni ayr\u0131m\u0131 yapmad\u0131klar\u0131n\u0131&#8230;<\/p>\n","protected":false},"author":1,"featured_media":19593,"comment_status":"open","ping_status":"open","sticky":false,"template":"","format":"standard","meta":{"_crdt_document":"","footnotes":""},"categories":[127],"tags":[],"class_list":["post-19592","post","type-post","status-publish","format-standard","has-post-thumbnail","hentry","category-siyaset"],"_links":{"self":[{"href":"https:\/\/www.egemtv.com\/index.php?rest_route=\/wp\/v2\/posts\/19592","targetHints":{"allow":["GET"]}}],"collection":[{"href":"https:\/\/www.egemtv.com\/index.php?rest_route=\/wp\/v2\/posts"}],"about":[{"href":"https:\/\/www.egemtv.com\/index.php?rest_route=\/wp\/v2\/types\/post"}],"author":[{"embeddable":true,"href":"https:\/\/www.egemtv.com\/index.php?rest_route=\/wp\/v2\/users\/1"}],"replies":[{"embeddable":true,"href":"https:\/\/www.egemtv.com\/index.php?rest_route=%2Fwp%2Fv2%2Fcomments&post=19592"}],"version-history":[{"count":1,"href":"https:\/\/www.egemtv.com\/index.php?rest_route=\/wp\/v2\/posts\/19592\/revisions"}],"predecessor-version":[{"id":19594,"href":"https:\/\/www.egemtv.com\/index.php?rest_route=\/wp\/v2\/posts\/19592\/revisions\/19594"}],"wp:featuredmedia":[{"embeddable":true,"href":"https:\/\/www.egemtv.com\/index.php?rest_route=\/wp\/v2\/media\/19593"}],"wp:attachment":[{"href":"https:\/\/www.egemtv.com\/index.php?rest_route=%2Fwp%2Fv2%2Fmedia&parent=19592"}],"wp:term":[{"taxonomy":"category","embeddable":true,"href":"https:\/\/www.egemtv.com\/index.php?rest_route=%2Fwp%2Fv2%2Fcategories&post=19592"},{"taxonomy":"post_tag","embeddable":true,"href":"https:\/\/www.egemtv.com\/index.php?rest_route=%2Fwp%2Fv2%2Ftags&post=19592"}],"curies":[{"name":"wp","href":"https:\/\/api.w.org\/{rel}","templated":true}]}}