{"id":19586,"date":"2025-02-17T13:00:38","date_gmt":"2025-02-17T10:00:38","guid":{"rendered":"https:\/\/www.egemtv.com\/?p=19586"},"modified":"2025-02-17T13:00:43","modified_gmt":"2025-02-17T10:00:43","slug":"ak-partili-turguttan-siyasette-ozlenen-sozler","status":"publish","type":"post","link":"https:\/\/www.egemtv.com\/?p=19586","title":{"rendered":"AK Parti\u2019li Turgut\u2019tan siyasette \u00f6zlenen s\u00f6zler"},"content":{"rendered":"<p>K\u0131sa bir s\u00fcre \u00f6nce AK Parti Manisa \u0130l Ba\u015fkan\u0131 se\u00e7ilen S\u00fcleyman Turgut, CHP\u2019li Manisa B\u00fcy\u00fck\u015fehir Belediye Ba\u015fkan\u0131 Ferdi Zeyrek\u2019in herkesin belediye ba\u015fkan\u0131 oldu\u011funu ve h\u00fck\u00fcmet olarak Manisa i\u00e7in birlikte hareket edeceklerini s\u00f6yledi.<br \/>\n<br \/>AK Parti Manisa \u0130l Ba\u015fkan\u0131 S\u00fcleyman Turgut Manisa bas\u0131n\u0131 ile bir araya geldi. Yunusemre il\u00e7esinde bulunan bir kafede d\u00fczenlenen programa \u0130l Ba\u015fkan\u0131 Turgut\u2019a, AK Parti Manisa \u0130l Medya ve Tan\u0131t\u0131m Ba\u015fkan\u0131 Mecit Osmanl\u0131, \u0130l Kad\u0131n Kollar\u0131 Ba\u015fkan\u0131 Ebru Kaplan, \u0130l Gen\u00e7lik Kollar\u0131 Ba\u015fkan\u0131 Ali Yenilmez de e\u015flik etti.<\/p>\n<p>Genel Merkez kongresine davet<br \/>\n<br \/>A\u00e7\u0131klamalar\u0131na AK Parti\u2019nin 8. Ola\u011fan Genel Kurulundan bahsederek ba\u015flayan Turgut, AK Parti 8. Ola\u011fan B\u00fcy\u00fck Kongresi 23 \u015eubat 2025 Pazar g\u00fcn\u00fc \u2019Ad\u0131nda Ak \u0131\u015f\u0131\u011f\u0131nda \u0130stiklal\u2019 slogan\u0131yla d\u00fczenlenece\u011fini vurgulad\u0131.  Turgut, &#8220;3 \u015eubat 2025 tarihinde \u2019Ad\u0131nda AK, I\u015f\u0131\u011f\u0131nda \u0130stikbal\u2019 mottosuyla icra edece\u011fimiz 8. B\u00fcy\u00fck Ola\u011fan Kongremiz \u00f6ncesinde, bas\u0131n a\u00e7\u0131klamam\u0131z\u0131 yapmak \u00fczere burada toplanm\u0131\u015f bulunmaktay\u0131z. \u00d6ncelikle davetimizi kabul edip geldi\u011finiz i\u00e7in sizlere te\u015fekk\u00fcr ediyoruz. 12 Ekim 2024\u2019te il\u00e7e d\u00fczeyinde ba\u015flatt\u0131\u011f\u0131m\u0131z kongrelerimizi 7 \u015eubat\u2019ta yap\u0131lan \u0130stanbul Kongremizle nihayete erdirdik. Art\u0131k 8. B\u00fcy\u00fck Ola\u011fan Kongremiz i\u00e7in g\u00fcn say\u0131yoruz. Bu s\u00fcre\u00e7te il ve il\u00e7e kongrelerimizi b\u00fcy\u00fck bir co\u015fku, heyecan ve disiplin i\u00e7erisinde tamamlad\u0131\u011f\u0131m\u0131z\u0131n \u00f6zellikle alt\u0131n\u0131 \u00e7izmek istiyoruz. \u015e\u00fck\u00fcrler olsun ki, ger\u00e7ekle\u015fen kongreler vesilesiyle bir kez daha te\u015fkilatlar\u0131m\u0131zda ola\u011fan\u00fcst\u00fc bir birlik ve beraberli\u011fin h\u00e2kim oldu\u011funa \u015fahit olduk. Hizmetin \u00f6n\u00fcne koyulacak her t\u00fcrl\u00fc engel ve zorlu\u011fa g\u00f6\u011f\u00fcs gerecek iradeye sahip olan yol arkada\u015flar\u0131m\u0131z\u0131n dayan\u0131\u015fmas\u0131n\u0131, azim ve kararl\u0131l\u0131\u011f\u0131n\u0131 g\u00f6rd\u00fck. Zira bizi her daim g\u00fc\u00e7l\u00fc k\u0131lan ve di\u011fer siyasi partilerden ayr\u0131\u015ft\u0131ran en \u00f6nemli fark\u0131m\u0131z da hi\u00e7 ku\u015fkusuz bu hasletlerimizdir. Memleketimizin 81 ilinde Cumhurba\u015fkan\u0131m\u0131z, Genel Ba\u015fkan\u0131m\u0131z Say\u0131n Recep Tayyip Erdo\u011fan\u2019\u0131n liderli\u011finde \u2019Halka hizmet, hakka hizmettir\u2019 \u015fiar\u0131yla gece g\u00fcnd\u00fcz demeden fedakarca \u00e7al\u0131\u015fan te\u015fkilatlar\u0131m\u0131zla b\u00fcy\u00fck, g\u00fc\u00e7l\u00fc bir aile olman\u0131n hakl\u0131 sevincini ve gururunu ya\u015f\u0131yoruz. Partimiz, de\u011fi\u015fim ve yenilenme s\u00fcrecini k\u00f6kl\u00fc tecr\u00fcbesiyle harmanlayarak bug\u00fcnlere gelmi\u015ftir. Her yenili\u011fi, birikimle besleyip milletimize g\u00f6n\u00fclden hizmet edecek kadrolar yeti\u015ftirmi\u015ftir. \u0130\u015fte bu nedenle, bizim anlay\u0131\u015f\u0131m\u0131zda kadrolar aras\u0131nda eski ya da yeni ayr\u0131m\u0131 yoktur; bizde sadece davam\u0131za hizmet eden g\u00fc\u00e7l\u00fc bir ekip ruhu ve adanm\u0131\u015fl\u0131k vard\u0131r. Kongre \u00e7al\u0131\u015fmalar\u0131m\u0131z\u0131n ba\u015flad\u0131\u011f\u0131 andan itibaren de il\u00e7e ba\u015fkanl\u0131klar\u0131nda y\u00fczde 65, il ba\u015fkanl\u0131klar\u0131nda ise y\u00fczde 75 oran\u0131nda bir de\u011fi\u015fim ger\u00e7ekle\u015ftirdik. Bu de\u011fi\u015fim, hi\u00e7 ku\u015fkusuz partimize yeni kan, can ve heyecan katacakt\u0131r. Cumhurba\u015fkan\u0131m\u0131z, Genel Ba\u015fkan\u0131m\u0131z Say\u0131n Recep Tayyip Erdo\u011fan\u2019\u0131n da dedi\u011fi gibi kongremiz, yeni bir hamlenin milad\u0131 olacakt\u0131r. Unutulmamal\u0131 ki bizler, liderimizin, \u2019T\u00fcrkiye\u2019de art\u0131k hi\u00e7bir \u015fey eskisi gibi olmayacak\u2019 ilkesini benimseyen, T\u00fcrkiye\u2019nin istikbali u\u011fruna m\u00fccadele eden bir davan\u0131n neferleriyiz. \u0130ktidara geldi\u011fimiz ilk g\u00fcnden bu yana tek hedefimiz; daha g\u00fc\u00e7l\u00fc, daha m\u00fcreffeh, daha \u00f6zg\u00fcrl\u00fck\u00e7\u00fc ve daha demokratik bir T\u00fcrkiye in\u015fa etmek olmu\u015ftur. Bug\u00fcn, hayallerimizi b\u00fcy\u00fck \u00f6l\u00e7\u00fcde ger\u00e7e\u011fe d\u00f6n\u00fc\u015ft\u00fcrmenin huzurunu ya\u015farken, bunu bize nasip eden Rabbimize hamdediyoruz. Muhalefetin hayalini dahi kuramayaca\u011f\u0131 say\u0131s\u0131z eseri T\u00fcrkiye\u2019mize kazand\u0131rmak i\u00e7in gece g\u00fcnd\u00fcz demeden ola\u011fan\u00fcst\u00fc bir gayret g\u00f6stererek \u00e7al\u0131\u015ft\u0131k. Milletimizin ba\u011fr\u0131ndan \u00e7\u0131kan ve milletimizin hissiyat\u0131na terc\u00fcman olan bir dava hareketi olarak hep sahada yer ald\u0131k. \u00dclkemizi, uluslararas\u0131 arenada ne s\u00f6yledi\u011fi dikkate al\u0131nan, g\u00f6r\u00fc\u015flerine ba\u015fvurulan bir devlet konumuna ta\u015f\u0131d\u0131k. Cumhurba\u015fkan\u0131m\u0131z ve Genel Ba\u015fkan\u0131m\u0131z Say\u0131n Recep Tayyip Erdo\u011fan\u2019\u0131n liderli\u011finde T\u00fcrkiye, d\u00fcnya sahnesinde mazlumlar\u0131n g\u00fcr sesi, adaletin en g\u00fc\u00e7l\u00fc savunucusu ve yaral\u0131 vicdanlar\u0131n terc\u00fcman\u0131 oldu. 8. B\u00fcy\u00fck Ola\u011fan Kongremizde kullanaca\u011f\u0131m\u0131z sloganlar\u0131m\u0131z\u0131 T\u00fcrkiye Y\u00fczy\u0131l\u0131\u2019n\u0131n vizyonunu, amac\u0131n\u0131, hedefini ve ruhunu yans\u0131tt\u0131k. T\u00fcrkiye Y\u00fczy\u0131l\u0131\u2019n\u0131n ana hedefinden yola \u00e7\u0131karak, \u2019Ad\u0131nda AK, I\u015f\u0131\u011f\u0131nda \u0130stikbal\u2019 dedik. Bu yeni slogan\u0131m\u0131z ayn\u0131 zamanda ola\u011fan kongre s\u00fcrecinde kulland\u0131\u011f\u0131m\u0131z \u2019Umudun, \u0130craat\u0131n, Gelece\u011fin Ad\u0131 AK Parti\u2019 \u015fiar\u0131m\u0131z\u0131n da genel \u00e7er\u00e7evesini \u00e7izmekte, a\u00e7aca\u011f\u0131m\u0131z her yeni sayfada umudu, icraat\u0131 ve sa\u011flam bir istikbali hedeflemektedir. AK Parti\u2019mizin \u0131\u015f\u0131\u011f\u0131ndaki istibal ile; gelece\u011fi in\u015fa etmeye, kalk\u0131nmay\u0131 h\u0131zland\u0131rmaya, huzuru ve bar\u0131\u015f\u0131 g\u00fc\u00e7lendirmeye, gen\u00e7li\u011fe umut olmaya, ba\u015far\u0131y\u0131 b\u00fcy\u00fctmeye, \u00fcretimi art\u0131rmaya, \u015fefkati ve adaleti yaymaya ve istikrar\u0131 s\u00fcrd\u00fcrmeye devam edece\u011fiz. Bu vesileyle, kongremiz \u00fclkemize ve milletimize hay\u0131rl\u0131 olsun diyor, 23 \u015eubat\u2019ta b\u00fcy\u00fck bir co\u015fku ve heyecanla ger\u00e7ekle\u015ftirece\u011fimiz 8. Ola\u011fan Kongremize t\u00fcm milletimizi davet ediyoruz&#8221; diye konu\u015ftu.<\/p>\n<p>Manisa\u2019ya 44 milyarl\u0131k yat\u0131r\u0131m<br \/>\n<br \/>Turgut, Manisa\u2019da b\u00fcy\u00fck bir co\u015fkuyla Cumhurba\u015fkan\u0131 Recep Tayyip Erdo\u011fan\u2019\u0131n da kat\u0131l\u0131m\u0131yla bir kongre ger\u00e7ekle\u015ftirdiklerini ifade ederek, Manisa\u2019ya ve 17 il\u00e7esine en g\u00fczel hizmetleri yapacaklar\u0131n\u0131 a\u00e7\u0131klad\u0131. Ba\u015fkan Turgut, Manisa\u2019da genelinde h\u00fck\u00fcmetin devam ettirdi\u011fi toplamda 44 milyar TL\u2019lik yat\u0131r\u0131mlar\u0131n oldu\u011funu bunlardan birinin 1,5 milyar TL\u2019lik bir yat\u0131r\u0131m olan Gediz K\u00f6pr\u00fcl\u00fc Kav\u015fak \u00e7al\u0131\u015fmas\u0131n\u0131n devam etti\u011fini belirtti. Akhisar\u2019da 5 milyar TL\u2019ye mal olacak b\u00f6lge hastanesi gibi hizmet verecek 450 yatakl\u0131 hastanenin temelinin at\u0131ld\u0131\u011f\u0131n\u0131 ve \u00e7al\u0131\u015fmalar\u0131n s\u00fcrd\u00fc\u011f\u00fcn\u00fc s\u00f6yledi. Turgut, projeleri g\u00f6rselleriyle beraber hangi a\u015famalarda oldu\u011funu, ne zaman bitece\u011fi konusunda toplant\u0131larla bilgilendireceklerini kaydetti.<\/p>\n<p>H\u0131zl\u0131 tren 2026\u2019da Manisa\u2019ya gelecek 2027\u2019de tamamen bitecek<br \/>\n<br \/>Y\u00fcksek H\u0131zl\u0131 Tren Projesinden bahseden Turgut, AK Parti iktidar\u0131yla T\u00fcrkiye\u2019nin h\u0131zl\u0131 trenlerle tan\u0131\u015ft\u0131\u011f\u0131n\u0131 s\u00f6yledi. Ankara-\u0130zmir y\u00fcksek h\u0131zl\u0131 trenin Manisa\u2019dan da ge\u00e7ece\u011fini ifade eden Turgut, Ankara\u2019dan ba\u015flayan \u00e7al\u0131\u015fmalar\u0131n h\u0131zl\u0131 bir \u015fekilde devam etti\u011fini a\u00e7\u0131klayarak, &#8220;U\u015fak\u2019tan \u0130zmir\u2019e kadar olan k\u0131s\u0131mda U\u015fak-Ala\u015fehir aras\u0131 Ala\u015fehir-Manisa-\u0130zmir aras\u0131ndaki \u00e7al\u0131\u015fmalar devam ediyor. Ola\u011fan\u00fcst\u00fc bir durum olmazsa 2026 y\u0131l\u0131n\u0131n sonuna kadar Manisa\u2019ya kadar gelecek. 2027 y\u0131l\u0131nda ise tamamen bitmi\u015f olacak. Y\u00fcksek H\u0131zl\u0131 Tren Gediz K\u00f6pr\u00fcl\u00fc Kav\u015fak\u2019a 500 metre yak\u0131n olacak. Ger\u00e7ekle\u015ftirdi\u011fi h\u0131z ile i\u015flerimizi kolayla\u015ft\u0131racak&#8221; dedi.<\/p>\n<p>&#8220;Ba\u015fkan demiyorum, ba\u015fkan\u0131m\u0131z diyorum&#8221;<br \/>\n<br \/>Se\u00e7im s\u00fcrecini ve sonu\u00e7lar\u0131n\u0131 de\u011ferlendiren Turgut, halk\u0131n iradesine sayg\u0131 duyduklar\u0131n\u0131 belirterek, &#8220;Kazanmak ne kadar do\u011falsa kaybetmek de o kadar do\u011fald\u0131r. Vatanda\u015f\u0131m\u0131z bir karar vermi\u015ftir, biz de herkes gibi bu karara sayg\u0131l\u0131y\u0131z. B\u00fcy\u00fck\u015fehir Belediyemizi kazanan say\u0131n Ferdi Zeyrek meslekta\u015f\u0131m olur. Kendisi mimar, ben in\u015faat m\u00fchendisiyim. Bu noktada bizim d\u00fc\u015f\u00fcncemiz, belediye ba\u015fkan\u0131m\u0131zd\u0131r. Ba\u015fkan\u0131 demiyorum bak\u0131n. Manisa B\u00fcy\u00fck\u015fehir Belediye Ba\u015fkan\u0131m\u0131z Ferdi Zeyrek\u2019tir.&#8221; dedi.<br \/>\n<br \/>Ferdi Zeyrek ile k\u0131sa bir g\u00f6r\u00fc\u015fme ger\u00e7ekle\u015ftirdiklerini s\u00f6yleyen Turgut, &#8220;Kendisiyle ufak bir kar\u015f\u0131la\u015fmam\u0131z oldu. Orda da kendisine ifade ettim. Manisa i\u00e7in yap\u0131lacak b\u00fct\u00fcn hay\u0131rl\u0131 hizmetlerde biz kendisiyle beraberiz. Yak\u0131nda da bununla ilgili yap\u0131lacak baz\u0131 yat\u0131r\u0131mlarda devlet olarak, h\u00fck\u00fcmet olarak ucundan tutmam\u0131z gereken bir tak\u0131m i\u015flerin oldu\u011funu da k\u0131smen konu\u015ftuk. \u0130n\u015fallah \u00e7ok k\u0131sa bir s\u00fcre sonra bunun ilk meyvesini hep beraber alaca\u011f\u0131z. Ortak nas\u0131l \u00e7al\u0131\u015ft\u0131\u011f\u0131m\u0131z\u0131 hep birlikte g\u00f6rece\u011fiz in\u015fallah.&#8221; \u015feklinde konu\u015ftu.<br \/>\n<br \/>Turgut, s\u00f6zlerini \u015f\u00f6yle sonland\u0131rd\u0131: &#8220;Kendileri de bizi yeni g\u00f6revimiz nedeniyle tebrik etti. Ben de kendilerine durumu ifade ettim. Ortam olursa, m\u00fcsait olursa her yerde g\u00f6r\u00fc\u015f\u00fcr\u00fcz. Her yerde beraber oluruz. O noktada bir \u00f6n defans\u0131m\u0131z yok. Kendisi de gelebilir, biz de gidebiliriz. Bize bi\u00e7ilen bir zaman dilimi var. Say\u0131n Ferdi Zeyrek 5 y\u0131ll\u0131\u011f\u0131na se\u00e7ildi, biz de bir s\u00fcre i\u00e7in se\u00e7ildik. Amac\u0131m\u0131z \u015fu zaman dili i\u00e7erisinde g\u00f6k kubbe alt\u0131nda ho\u015f bir seda b\u0131rakmakt\u0131r. Bunu da in\u015fallah b\u0131rakaca\u011f\u0131z.&#8221;<br \/><\/p>\n","protected":false},"excerpt":{"rendered":"<p>K\u0131sa bir s\u00fcre \u00f6nce AK Parti Manisa \u0130l Ba\u015fkan\u0131 se\u00e7ilen S\u00fcleyman Turgut, CHP\u2019li Manisa B\u00fcy\u00fck\u015fehir Belediye Ba\u015fkan\u0131 Ferdi Zeyrek\u2019in herkesin belediye ba\u015fkan\u0131 oldu\u011funu ve h\u00fck\u00fcmet olarak Manisa i\u00e7in birlikte hareket edeceklerini s\u00f6yledi. AK Parti Manisa \u0130l Ba\u015fkan\u0131 S\u00fcleyman Turgut Manisa bas\u0131n\u0131 ile bir araya geldi. Yunusemre il\u00e7esinde bulunan bir kafede d\u00fczenlenen programa \u0130l Ba\u015fkan\u0131 Turgut\u2019a,&#8230;<\/p>\n","protected":false},"author":1,"featured_media":19587,"comment_status":"open","ping_status":"open","sticky":false,"template":"","format":"standard","meta":{"_crdt_document":"","footnotes":""},"categories":[127],"tags":[],"class_list":["post-19586","post","type-post","status-publish","format-standard","has-post-thumbnail","hentry","category-siyaset"],"_links":{"self":[{"href":"https:\/\/www.egemtv.com\/index.php?rest_route=\/wp\/v2\/posts\/19586","targetHints":{"allow":["GET"]}}],"collection":[{"href":"https:\/\/www.egemtv.com\/index.php?rest_route=\/wp\/v2\/posts"}],"about":[{"href":"https:\/\/www.egemtv.com\/index.php?rest_route=\/wp\/v2\/types\/post"}],"author":[{"embeddable":true,"href":"https:\/\/www.egemtv.com\/index.php?rest_route=\/wp\/v2\/users\/1"}],"replies":[{"embeddable":true,"href":"https:\/\/www.egemtv.com\/index.php?rest_route=%2Fwp%2Fv2%2Fcomments&post=19586"}],"version-history":[{"count":1,"href":"https:\/\/www.egemtv.com\/index.php?rest_route=\/wp\/v2\/posts\/19586\/revisions"}],"predecessor-version":[{"id":19588,"href":"https:\/\/www.egemtv.com\/index.php?rest_route=\/wp\/v2\/posts\/19586\/revisions\/19588"}],"wp:featuredmedia":[{"embeddable":true,"href":"https:\/\/www.egemtv.com\/index.php?rest_route=\/wp\/v2\/media\/19587"}],"wp:attachment":[{"href":"https:\/\/www.egemtv.com\/index.php?rest_route=%2Fwp%2Fv2%2Fmedia&parent=19586"}],"wp:term":[{"taxonomy":"category","embeddable":true,"href":"https:\/\/www.egemtv.com\/index.php?rest_route=%2Fwp%2Fv2%2Fcategories&post=19586"},{"taxonomy":"post_tag","embeddable":true,"href":"https:\/\/www.egemtv.com\/index.php?rest_route=%2Fwp%2Fv2%2Ftags&post=19586"}],"curies":[{"name":"wp","href":"https:\/\/api.w.org\/{rel}","templated":true}]}}