{"id":19583,"date":"2025-02-17T12:58:40","date_gmt":"2025-02-17T09:58:40","guid":{"rendered":"https:\/\/www.egemtv.com\/?p=19583"},"modified":"2025-02-17T12:58:46","modified_gmt":"2025-02-17T09:58:46","slug":"jandarma-ekipleri-uyusturucuya-gecit-vermiyor","status":"publish","type":"post","link":"https:\/\/www.egemtv.com\/?p=19583","title":{"rendered":"Jandarma ekipleri uyu\u015fturucuya ge\u00e7it vermiyor"},"content":{"rendered":"<p>Ayd\u0131n\u2019\u0131n \u00c7ine, Ko\u00e7arl\u0131, Ku\u015fadas\u0131, S\u00f6ke ve Sultanhisar il\u00e7elerinde uyu\u015fturucu kulland\u0131\u011f\u0131 tespit edilen 7 ki\u015fi yakaland\u0131.<\/p>\n<p>Ayd\u0131n \u0130l Jandarma Komutanl\u0131\u011f\u0131 koordinesinde uyu\u015fturucu ile m\u00fccadeleye y\u00f6nelik \u00e7al\u0131\u015fmalar aral\u0131ks\u0131z s\u00fcr\u00fcyor. Edinilen bilgiye g\u00f6re, Germencik, Ko\u00e7arl\u0131, Ku\u015fadas\u0131 ve S\u00f6ke \u0130l\u00e7e Jandarma Komutanl\u0131klar\u0131 taraf\u0131ndan uyu\u015fturucu madde sat\u0131c\u0131s\u0131 ve kullan\u0131c\u0131lar\u0131na y\u00f6nelik ger\u00e7ekle\u015ftirilen \u00e7al\u0131\u015fmalar kapsam\u0131nda S.A., O.G., A.K., O.B.O., \u0130.T., A.\u00c7. ve R.\u00c7. isimli toplam 7 \u015f\u00fcpheli yakaland\u0131. \u015e\u00fcphelilerin sa\u011fl\u0131k kurumunda yap\u0131lan testlerinde uyu\u015fturucu madde kulland\u0131klar\u0131 tespit edildi. \u00d6te yandan Ko\u00e7arl\u0131 il\u00e7esinde R.\u00c7. ve  S\u00f6ke il\u00e7esinde A.K.  isimli \u015f\u00fcpheli \u015fah\u0131slar\u0131n \u00fczerinde bir miktar uyu\u015fturucu madde ve bir adet uyu\u015fturucu kullanma aparat\u0131 ele ge\u00e7irildi. Yakalanan \u015f\u00fcpheli \u015fah\u0131slar hakk\u0131nda adli s\u00fcrecin devam etti\u011fi \u00f6\u011frenildi.<br \/><\/p>\n","protected":false},"excerpt":{"rendered":"<p>Ayd\u0131n\u2019\u0131n \u00c7ine, Ko\u00e7arl\u0131, Ku\u015fadas\u0131, S\u00f6ke ve Sultanhisar il\u00e7elerinde uyu\u015fturucu kulland\u0131\u011f\u0131 tespit edilen 7 ki\u015fi yakaland\u0131. Ayd\u0131n \u0130l Jandarma Komutanl\u0131\u011f\u0131 koordinesinde uyu\u015fturucu ile m\u00fccadeleye y\u00f6nelik \u00e7al\u0131\u015fmalar aral\u0131ks\u0131z s\u00fcr\u00fcyor. Edinilen bilgiye g\u00f6re, Germencik, Ko\u00e7arl\u0131, Ku\u015fadas\u0131 ve S\u00f6ke \u0130l\u00e7e Jandarma Komutanl\u0131klar\u0131 taraf\u0131ndan uyu\u015fturucu madde sat\u0131c\u0131s\u0131 ve kullan\u0131c\u0131lar\u0131na y\u00f6nelik ger\u00e7ekle\u015ftirilen \u00e7al\u0131\u015fmalar kapsam\u0131nda S.A., O.G., A.K., O.B.O., \u0130.T., A.\u00c7. ve&#8230;<\/p>\n","protected":false},"author":1,"featured_media":19584,"comment_status":"open","ping_status":"open","sticky":false,"template":"","format":"standard","meta":{"_crdt_document":"","footnotes":""},"categories":[5],"tags":[],"class_list":["post-19583","post","type-post","status-publish","format-standard","has-post-thumbnail","hentry","category-asayis"],"_links":{"self":[{"href":"https:\/\/www.egemtv.com\/index.php?rest_route=\/wp\/v2\/posts\/19583","targetHints":{"allow":["GET"]}}],"collection":[{"href":"https:\/\/www.egemtv.com\/index.php?rest_route=\/wp\/v2\/posts"}],"about":[{"href":"https:\/\/www.egemtv.com\/index.php?rest_route=\/wp\/v2\/types\/post"}],"author":[{"embeddable":true,"href":"https:\/\/www.egemtv.com\/index.php?rest_route=\/wp\/v2\/users\/1"}],"replies":[{"embeddable":true,"href":"https:\/\/www.egemtv.com\/index.php?rest_route=%2Fwp%2Fv2%2Fcomments&post=19583"}],"version-history":[{"count":1,"href":"https:\/\/www.egemtv.com\/index.php?rest_route=\/wp\/v2\/posts\/19583\/revisions"}],"predecessor-version":[{"id":19585,"href":"https:\/\/www.egemtv.com\/index.php?rest_route=\/wp\/v2\/posts\/19583\/revisions\/19585"}],"wp:featuredmedia":[{"embeddable":true,"href":"https:\/\/www.egemtv.com\/index.php?rest_route=\/wp\/v2\/media\/19584"}],"wp:attachment":[{"href":"https:\/\/www.egemtv.com\/index.php?rest_route=%2Fwp%2Fv2%2Fmedia&parent=19583"}],"wp:term":[{"taxonomy":"category","embeddable":true,"href":"https:\/\/www.egemtv.com\/index.php?rest_route=%2Fwp%2Fv2%2Fcategories&post=19583"},{"taxonomy":"post_tag","embeddable":true,"href":"https:\/\/www.egemtv.com\/index.php?rest_route=%2Fwp%2Fv2%2Ftags&post=19583"}],"curies":[{"name":"wp","href":"https:\/\/api.w.org\/{rel}","templated":true}]}}