{"id":19580,"date":"2025-02-17T12:46:37","date_gmt":"2025-02-17T09:46:37","guid":{"rendered":"https:\/\/www.egemtv.com\/?p=19580"},"modified":"2025-02-17T12:46:43","modified_gmt":"2025-02-17T09:46:43","slug":"ogretmen-doganin-ey-ogul-beni-an-isimli-siiri-ogretmeniz-dergisinde","status":"publish","type":"post","link":"https:\/\/www.egemtv.com\/?p=19580","title":{"rendered":"\u00d6\u011fretmen Do\u011fan\u2019\u0131n \u2019Ey O\u011ful Beni An\u2019 isimli \u015fiiri \u2019\u00d6\u011fretmen\u0130Z\u2019 dergisinde"},"content":{"rendered":"<p>K\u00fctahya Ticaret ve Sanayi Odas\u0131 (KUTSO) Mesleki ve Teknik Anadolu Lisesi T\u00fcrk Dili ve Edebiyat\u0131 \u00d6\u011fretmeni Nuray Do\u011fan\u2019\u0131n &#8220;Ey O\u011ful Beni An&#8221; isimli \u015fiiri Milli E\u011fitim Bakanl\u0131\u011f\u0131n\u0131n &#8220;\u00d6\u011fretmen\u0130Z&#8221; adl\u0131 derginin 5\u2019inci say\u0131s\u0131nda yay\u0131mland\u0131.<br \/>\n<br \/>KUTSO Mesleki ve Teknik Anadolu Lisesi T\u00fcrk Dili ve Edebiyat\u0131 \u00d6\u011fretmeni Nuray Do\u011fan\u2019\u0131n &#8220;okuma&#8221; konulu 8 k\u0131tal\u0131k &#8220;Ey O\u011ful Beni An&#8221; isimli \u015fiiri MEB b\u00fcnyesinde haz\u0131rlanan \u00f6zg\u00fcn projeler geli\u015ftiren, ulusal ve uluslararas\u0131 ba\u015far\u0131lar\u0131yla \u00f6ne \u00e7\u0131kan \u00f6\u011fretmenleri ve \u00e7al\u0131\u015fmalar\u0131n\u0131 okuyucuyla bulu\u015fturan &#8220;\u00d6\u011fretmen\u0130Z&#8221; adl\u0131 derginin 5. say\u0131s\u0131nda yay\u0131mland\u0131.<br \/><\/p>\n","protected":false},"excerpt":{"rendered":"<p>K\u00fctahya Ticaret ve Sanayi Odas\u0131 (KUTSO) Mesleki ve Teknik Anadolu Lisesi T\u00fcrk Dili ve Edebiyat\u0131 \u00d6\u011fretmeni Nuray Do\u011fan\u2019\u0131n &#8220;Ey O\u011ful Beni An&#8221; isimli \u015fiiri Milli E\u011fitim Bakanl\u0131\u011f\u0131n\u0131n &#8220;\u00d6\u011fretmen\u0130Z&#8221; adl\u0131 derginin 5\u2019inci say\u0131s\u0131nda yay\u0131mland\u0131. KUTSO Mesleki ve Teknik Anadolu Lisesi T\u00fcrk Dili ve Edebiyat\u0131 \u00d6\u011fretmeni Nuray Do\u011fan\u2019\u0131n &#8220;okuma&#8221; konulu 8 k\u0131tal\u0131k &#8220;Ey O\u011ful Beni An&#8221; isimli&#8230;<\/p>\n","protected":false},"author":1,"featured_media":19581,"comment_status":"open","ping_status":"open","sticky":false,"template":"","format":"standard","meta":{"_crdt_document":"","footnotes":""},"categories":[123],"tags":[],"class_list":["post-19580","post","type-post","status-publish","format-standard","has-post-thumbnail","hentry","category-gundem"],"_links":{"self":[{"href":"https:\/\/www.egemtv.com\/index.php?rest_route=\/wp\/v2\/posts\/19580","targetHints":{"allow":["GET"]}}],"collection":[{"href":"https:\/\/www.egemtv.com\/index.php?rest_route=\/wp\/v2\/posts"}],"about":[{"href":"https:\/\/www.egemtv.com\/index.php?rest_route=\/wp\/v2\/types\/post"}],"author":[{"embeddable":true,"href":"https:\/\/www.egemtv.com\/index.php?rest_route=\/wp\/v2\/users\/1"}],"replies":[{"embeddable":true,"href":"https:\/\/www.egemtv.com\/index.php?rest_route=%2Fwp%2Fv2%2Fcomments&post=19580"}],"version-history":[{"count":1,"href":"https:\/\/www.egemtv.com\/index.php?rest_route=\/wp\/v2\/posts\/19580\/revisions"}],"predecessor-version":[{"id":19582,"href":"https:\/\/www.egemtv.com\/index.php?rest_route=\/wp\/v2\/posts\/19580\/revisions\/19582"}],"wp:featuredmedia":[{"embeddable":true,"href":"https:\/\/www.egemtv.com\/index.php?rest_route=\/wp\/v2\/media\/19581"}],"wp:attachment":[{"href":"https:\/\/www.egemtv.com\/index.php?rest_route=%2Fwp%2Fv2%2Fmedia&parent=19580"}],"wp:term":[{"taxonomy":"category","embeddable":true,"href":"https:\/\/www.egemtv.com\/index.php?rest_route=%2Fwp%2Fv2%2Fcategories&post=19580"},{"taxonomy":"post_tag","embeddable":true,"href":"https:\/\/www.egemtv.com\/index.php?rest_route=%2Fwp%2Fv2%2Ftags&post=19580"}],"curies":[{"name":"wp","href":"https:\/\/api.w.org\/{rel}","templated":true}]}}