{"id":19577,"date":"2025-02-17T12:45:25","date_gmt":"2025-02-17T09:45:25","guid":{"rendered":"https:\/\/www.egemtv.com\/?p=19577"},"modified":"2025-02-17T12:45:31","modified_gmt":"2025-02-17T09:45:31","slug":"altintasta-sehit-asker-mustafa-ozkardes-icin-mevlit-programi","status":"publish","type":"post","link":"https:\/\/www.egemtv.com\/?p=19577","title":{"rendered":"Alt\u0131nta\u015f\u2019ta \u015fehit asker Mustafa \u00d6zkarde\u015f i\u00e7in mevlit program\u0131"},"content":{"rendered":"<p>\u015eehit P. S\u00f6z. Onb. Mustafa \u00d6zkarde\u015f\u2019in, \u015fehadet y\u0131l d\u00f6n\u00fcm\u00fc m\u00fcnasebetiyle K\u00fctahya\u2019n\u0131n Alt\u0131nta\u015f il\u00e7esinde mevlit program\u0131 d\u00fczenlendi.<br \/>\n<br \/>\u015eehit P. S\u00f6z. Onb. Mustafa \u00d6zkarde\u015f\u2019in \u015fehadetinin sene-i devriyesi vesilesiyle Gecek K\u00f6y\u00fc\u2019nde d\u00fczenlenen Mevlit program\u0131na Kaymakam Ekrem G\u00fcdek, AK Parti K\u00fctahya Milletvekili \u0130smail \u00c7a\u011flar Bay\u0131rc\u0131, AK Parti \u0130l Ba\u015fkan\u0131 Ceyda \u00c7etin Erenler, Merkez \u0130l\u00e7e Ba\u015fkan\u0131 Murat Af\u015far\u00fcnal, \u0130l Tugay Komutan\u0131 Hv. Tu\u011fg. Mustafa Ba\u015f, \u0130l Jandarma Komutan\u0131 J. Kd. Alb. Vedat K\u00fclt\u00fcr, Belediye Ba\u015fkan\u0131 Hikmet Tun\u00e7, siyasi parti il\u00e7e ba\u015fkanlar\u0131, \u0130l Genel Meclis \u00dcyeleri \u00d6m\u00fcr Eldiven ve \u0130smail \u015eafak, kurum amirleri ve vatanda\u015flar i\u015ftirak etti.<br \/>\n<br \/>Program \u00e7er\u00e7evesinde \u015eehit Mustafa \u00d6zkarde\u015f ve t\u00fcm \u015fehitler i\u00e7in Mevlit-i \u015eerif okunup dua edildi. Program\u0131n ard\u0131ndan kat\u0131l\u0131mc\u0131lara yemek ikram\u0131nda bulunuldu.<br \/><\/p>\n","protected":false},"excerpt":{"rendered":"<p>\u015eehit P. S\u00f6z. Onb. Mustafa \u00d6zkarde\u015f\u2019in, \u015fehadet y\u0131l d\u00f6n\u00fcm\u00fc m\u00fcnasebetiyle K\u00fctahya\u2019n\u0131n Alt\u0131nta\u015f il\u00e7esinde mevlit program\u0131 d\u00fczenlendi. \u015eehit P. S\u00f6z. Onb. Mustafa \u00d6zkarde\u015f\u2019in \u015fehadetinin sene-i devriyesi vesilesiyle Gecek K\u00f6y\u00fc\u2019nde d\u00fczenlenen Mevlit program\u0131na Kaymakam Ekrem G\u00fcdek, AK Parti K\u00fctahya Milletvekili \u0130smail \u00c7a\u011flar Bay\u0131rc\u0131, AK Parti \u0130l Ba\u015fkan\u0131 Ceyda \u00c7etin Erenler, Merkez \u0130l\u00e7e Ba\u015fkan\u0131 Murat Af\u015far\u00fcnal, \u0130l Tugay&#8230;<\/p>\n","protected":false},"author":1,"featured_media":19578,"comment_status":"open","ping_status":"open","sticky":false,"template":"","format":"standard","meta":{"_crdt_document":"","footnotes":""},"categories":[123],"tags":[],"class_list":["post-19577","post","type-post","status-publish","format-standard","has-post-thumbnail","hentry","category-gundem"],"_links":{"self":[{"href":"https:\/\/www.egemtv.com\/index.php?rest_route=\/wp\/v2\/posts\/19577","targetHints":{"allow":["GET"]}}],"collection":[{"href":"https:\/\/www.egemtv.com\/index.php?rest_route=\/wp\/v2\/posts"}],"about":[{"href":"https:\/\/www.egemtv.com\/index.php?rest_route=\/wp\/v2\/types\/post"}],"author":[{"embeddable":true,"href":"https:\/\/www.egemtv.com\/index.php?rest_route=\/wp\/v2\/users\/1"}],"replies":[{"embeddable":true,"href":"https:\/\/www.egemtv.com\/index.php?rest_route=%2Fwp%2Fv2%2Fcomments&post=19577"}],"version-history":[{"count":1,"href":"https:\/\/www.egemtv.com\/index.php?rest_route=\/wp\/v2\/posts\/19577\/revisions"}],"predecessor-version":[{"id":19579,"href":"https:\/\/www.egemtv.com\/index.php?rest_route=\/wp\/v2\/posts\/19577\/revisions\/19579"}],"wp:featuredmedia":[{"embeddable":true,"href":"https:\/\/www.egemtv.com\/index.php?rest_route=\/wp\/v2\/media\/19578"}],"wp:attachment":[{"href":"https:\/\/www.egemtv.com\/index.php?rest_route=%2Fwp%2Fv2%2Fmedia&parent=19577"}],"wp:term":[{"taxonomy":"category","embeddable":true,"href":"https:\/\/www.egemtv.com\/index.php?rest_route=%2Fwp%2Fv2%2Fcategories&post=19577"},{"taxonomy":"post_tag","embeddable":true,"href":"https:\/\/www.egemtv.com\/index.php?rest_route=%2Fwp%2Fv2%2Ftags&post=19577"}],"curies":[{"name":"wp","href":"https:\/\/api.w.org\/{rel}","templated":true}]}}