{"id":19574,"date":"2025-02-17T12:40:13","date_gmt":"2025-02-17T09:40:13","guid":{"rendered":"https:\/\/www.egemtv.com\/?p=19574"},"modified":"2025-02-17T12:40:16","modified_gmt":"2025-02-17T09:40:16","slug":"kaymakam-guldogan-3-mahallede-talepleri-dinledi","status":"publish","type":"post","link":"https:\/\/www.egemtv.com\/?p=19574","title":{"rendered":"Kaymakam G\u00fcldo\u011fan, 3 mahallede talepleri dinledi"},"content":{"rendered":"<p>Manisa\u2019n\u0131n Salihli il\u00e7esinde mahalle ziyaretlerine devam Kaymakam Ali G\u00fcldo\u011fan, Hasalan, Kapanc\u0131 ve Sart mahallelerini ziyaret ederek vatanda\u015flarla bir araya geldi.<br \/>\n<br \/>Mahalle ziyaretlerini s\u00fcrd\u00fcren Kaymakam G\u00fcldo\u011fan, halk\u0131n dilek ve ihtiya\u00e7lar\u0131n\u0131 yerinde incelemek \u00fczere ger\u00e7ekle\u015ftirdi\u011fi mahalle ziyaretlerine Hasalan, Kapanc\u0131 ve Sart mahalleleri ile devam etti. Mahalleler hakk\u0131nda muhtarlardan bilgi alan G\u00fcldo\u011fan, mahalle sakinleriyle sohbet ederek, sorun ve taleplerini dinledi. Kaymakam G\u00fcldo\u011fan, kurum amirleriyle birlikte sorunlar\u0131n \u00e7\u00f6z\u00fcm\u00fc ve taleplerin kar\u015f\u0131lanmas\u0131 i\u00e7in gerekli \u00e7al\u0131\u015fmalar\u0131n yap\u0131laca\u011f\u0131n\u0131 ve takip edilece\u011fini s\u00f6yledi.<br \/>\n<br \/>Mahalle ziyaretlerinde Kaymakam G\u00fcldo\u011fan\u2019a, \u0130l\u00e7e Jandarma Komutan\u0131 Binba\u015f\u0131 Do\u011fukan Karaaslan, \u0130l\u00e7e Sa\u011fl\u0131k M\u00fcd\u00fcr\u00fc Sezgin G\u00fcle\u00e7, \u0130l\u00e7e Milli E\u011fitim M\u00fcd\u00fcr\u00fc Mahmut ile \u0130l\u00e7e Tar\u0131m ve Orman M\u00fcd\u00fcr\u00fc Ali Demir e\u015flik etti.<br \/><\/p>\n","protected":false},"excerpt":{"rendered":"<p>Manisa\u2019n\u0131n Salihli il\u00e7esinde mahalle ziyaretlerine devam Kaymakam Ali G\u00fcldo\u011fan, Hasalan, Kapanc\u0131 ve Sart mahallelerini ziyaret ederek vatanda\u015flarla bir araya geldi. Mahalle ziyaretlerini s\u00fcrd\u00fcren Kaymakam G\u00fcldo\u011fan, halk\u0131n dilek ve ihtiya\u00e7lar\u0131n\u0131 yerinde incelemek \u00fczere ger\u00e7ekle\u015ftirdi\u011fi mahalle ziyaretlerine Hasalan, Kapanc\u0131 ve Sart mahalleleri ile devam etti. Mahalleler hakk\u0131nda muhtarlardan bilgi alan G\u00fcldo\u011fan, mahalle sakinleriyle sohbet ederek, sorun ve&#8230;<\/p>\n","protected":false},"author":1,"featured_media":19575,"comment_status":"open","ping_status":"open","sticky":false,"template":"","format":"standard","meta":{"_crdt_document":"","footnotes":""},"categories":[123],"tags":[],"class_list":["post-19574","post","type-post","status-publish","format-standard","has-post-thumbnail","hentry","category-gundem"],"_links":{"self":[{"href":"https:\/\/www.egemtv.com\/index.php?rest_route=\/wp\/v2\/posts\/19574","targetHints":{"allow":["GET"]}}],"collection":[{"href":"https:\/\/www.egemtv.com\/index.php?rest_route=\/wp\/v2\/posts"}],"about":[{"href":"https:\/\/www.egemtv.com\/index.php?rest_route=\/wp\/v2\/types\/post"}],"author":[{"embeddable":true,"href":"https:\/\/www.egemtv.com\/index.php?rest_route=\/wp\/v2\/users\/1"}],"replies":[{"embeddable":true,"href":"https:\/\/www.egemtv.com\/index.php?rest_route=%2Fwp%2Fv2%2Fcomments&post=19574"}],"version-history":[{"count":1,"href":"https:\/\/www.egemtv.com\/index.php?rest_route=\/wp\/v2\/posts\/19574\/revisions"}],"predecessor-version":[{"id":19576,"href":"https:\/\/www.egemtv.com\/index.php?rest_route=\/wp\/v2\/posts\/19574\/revisions\/19576"}],"wp:featuredmedia":[{"embeddable":true,"href":"https:\/\/www.egemtv.com\/index.php?rest_route=\/wp\/v2\/media\/19575"}],"wp:attachment":[{"href":"https:\/\/www.egemtv.com\/index.php?rest_route=%2Fwp%2Fv2%2Fmedia&parent=19574"}],"wp:term":[{"taxonomy":"category","embeddable":true,"href":"https:\/\/www.egemtv.com\/index.php?rest_route=%2Fwp%2Fv2%2Fcategories&post=19574"},{"taxonomy":"post_tag","embeddable":true,"href":"https:\/\/www.egemtv.com\/index.php?rest_route=%2Fwp%2Fv2%2Ftags&post=19574"}],"curies":[{"name":"wp","href":"https:\/\/api.w.org\/{rel}","templated":true}]}}