{"id":19568,"date":"2025-02-17T12:31:54","date_gmt":"2025-02-17T09:31:54","guid":{"rendered":"https:\/\/www.egemtv.com\/?p=19568"},"modified":"2025-02-17T12:32:00","modified_gmt":"2025-02-17T09:32:00","slug":"karsiyaka-ust-uste-iki-hafta-evinde","status":"publish","type":"post","link":"https:\/\/www.egemtv.com\/?p=19568","title":{"rendered":"Kar\u015f\u0131yaka, \u00fcst \u00fcste iki hafta evinde"},"content":{"rendered":"<p>Kar\u015f\u0131yaka, TFF 3. Lig 1. Grup\u2019ta arka arkaya oynayaca\u011f\u0131 Ku\u015fadas\u0131spor ve D\u00fczcespor ma\u00e7lar\u0131n\u0131 taraftar\u0131n\u0131n \u00f6n\u00fcnde oynayacak. \u0130zmir ekibi, bu iki kar\u015f\u0131la\u015fmadan da mutlak galibiyetle ayr\u0131lmay\u0131 hedefliyor.<br \/>\n<br \/>TFF 3. Lig 1. Grup\u2019ta son haftalarda form d\u00fczeyini y\u00fckselten Kar\u015f\u0131yaka, ligde toplad\u0131\u011f\u0131 41 puanla ikinci basamakta yer al\u0131yor. \u0130zmir ekibinin lider Bursaspor\u2019la aras\u0131nda 9 puanl\u0131k bir fark bulunurken ye\u015fil-k\u0131rm\u0131z\u0131l\u0131lar son haftalar\u0131 hatas\u0131z ge\u00e7ip rakibinin tak\u0131lmas\u0131n\u0131 bekliyor. Ligdeki son iki kar\u015f\u0131la\u015fmay\u0131 kazanarak galibiyet serisi olu\u015fturan Kar\u015f\u0131yaka, \u015fimdi de arka arkaya iki ma\u00e7\u0131n\u0131 taraftar\u0131n\u0131n \u00f6n\u00fcnde oynayacak. \u0130lk olarak 21. hafta m\u00fccadelesinde Ku\u015fadas\u0131spor\u2019u konuk edecek olan ye\u015fil-k\u0131rm\u0131z\u0131l\u0131lar, daha sonra da i\u00e7 sahada D\u00fczcespor\u2019u a\u011f\u0131rlayacak. B\u00f6ylece saha avantaj\u0131n\u0131 iyi de\u011ferlendirip hata yapmak istemeyen \u0130zmir ekibi, bu s\u00fcre\u00e7te lider Bursaspor\u2019un puan kaybetmesini bekleyecek.<\/p>\n<p>Kar\u015f\u0131yaka\u2019n\u0131n evinde kaybetmedi<br \/>\n<br \/>\u0130zmir\u2019in k\u00f6kl\u00fc kul\u00fcplerinden Kar\u015f\u0131yaka, bu sezon Alsancak Mustafa Denizli Stadyumu\u2019nda oynad\u0131\u011f\u0131 ma\u00e7larda yenilgi y\u00fcz\u00fc g\u00f6rmedi. Ye\u015fil-k\u0131rm\u0131z\u0131l\u0131lar, taraftar\u0131n\u0131n \u00f6n\u00fcnde sahaya \u00e7\u0131kt\u0131\u011f\u0131 9 lig ma\u00e7\u0131nda 6 galibiyet ve 3 beraberlikle sahadan ayr\u0131lmay\u0131 ba\u015fard\u0131. B\u00f6ylece i\u00e7 sahada 21 puan toplayan Kar\u015f\u0131yaka, rakip kaleye 13 gol atarken kalesinde ise sadece 5 gol g\u00f6rd\u00fc. \u0130zmir ekibi, arka arkaya oynayaca\u011f\u0131 Ku\u015fadas\u0131spor ve D\u00fczcespor ma\u00e7lar\u0131n\u0131 da kay\u0131ps\u0131z ge\u00e7erek seriyi devam ettirmeyi hedefliyor.<br \/><\/p>\n","protected":false},"excerpt":{"rendered":"<p>Kar\u015f\u0131yaka, TFF 3. Lig 1. Grup\u2019ta arka arkaya oynayaca\u011f\u0131 Ku\u015fadas\u0131spor ve D\u00fczcespor ma\u00e7lar\u0131n\u0131 taraftar\u0131n\u0131n \u00f6n\u00fcnde oynayacak. \u0130zmir ekibi, bu iki kar\u015f\u0131la\u015fmadan da mutlak galibiyetle ayr\u0131lmay\u0131 hedefliyor. TFF 3. Lig 1. Grup\u2019ta son haftalarda form d\u00fczeyini y\u00fckselten Kar\u015f\u0131yaka, ligde toplad\u0131\u011f\u0131 41 puanla ikinci basamakta yer al\u0131yor. \u0130zmir ekibinin lider Bursaspor\u2019la aras\u0131nda 9 puanl\u0131k bir fark bulunurken&#8230;<\/p>\n","protected":false},"author":1,"featured_media":19569,"comment_status":"open","ping_status":"open","sticky":false,"template":"","format":"standard","meta":{"_crdt_document":"","footnotes":""},"categories":[4],"tags":[],"class_list":["post-19568","post","type-post","status-publish","format-standard","has-post-thumbnail","hentry","category-spor"],"_links":{"self":[{"href":"https:\/\/www.egemtv.com\/index.php?rest_route=\/wp\/v2\/posts\/19568","targetHints":{"allow":["GET"]}}],"collection":[{"href":"https:\/\/www.egemtv.com\/index.php?rest_route=\/wp\/v2\/posts"}],"about":[{"href":"https:\/\/www.egemtv.com\/index.php?rest_route=\/wp\/v2\/types\/post"}],"author":[{"embeddable":true,"href":"https:\/\/www.egemtv.com\/index.php?rest_route=\/wp\/v2\/users\/1"}],"replies":[{"embeddable":true,"href":"https:\/\/www.egemtv.com\/index.php?rest_route=%2Fwp%2Fv2%2Fcomments&post=19568"}],"version-history":[{"count":1,"href":"https:\/\/www.egemtv.com\/index.php?rest_route=\/wp\/v2\/posts\/19568\/revisions"}],"predecessor-version":[{"id":19570,"href":"https:\/\/www.egemtv.com\/index.php?rest_route=\/wp\/v2\/posts\/19568\/revisions\/19570"}],"wp:featuredmedia":[{"embeddable":true,"href":"https:\/\/www.egemtv.com\/index.php?rest_route=\/wp\/v2\/media\/19569"}],"wp:attachment":[{"href":"https:\/\/www.egemtv.com\/index.php?rest_route=%2Fwp%2Fv2%2Fmedia&parent=19568"}],"wp:term":[{"taxonomy":"category","embeddable":true,"href":"https:\/\/www.egemtv.com\/index.php?rest_route=%2Fwp%2Fv2%2Fcategories&post=19568"},{"taxonomy":"post_tag","embeddable":true,"href":"https:\/\/www.egemtv.com\/index.php?rest_route=%2Fwp%2Fv2%2Ftags&post=19568"}],"curies":[{"name":"wp","href":"https:\/\/api.w.org\/{rel}","templated":true}]}}