{"id":19562,"date":"2025-02-17T12:21:39","date_gmt":"2025-02-17T09:21:39","guid":{"rendered":"https:\/\/www.egemtv.com\/?p=19562"},"modified":"2025-02-17T12:21:43","modified_gmt":"2025-02-17T09:21:43","slug":"denizlide-170-karateci-kemer-yukseldi","status":"publish","type":"post","link":"https:\/\/www.egemtv.com\/?p=19562","title":{"rendered":"Denizli\u2019de 170 karateci kemer y\u00fckseldi"},"content":{"rendered":"<p>Karatede bir klasik olan kemer ve diploma t\u00f6reni hafta sonu 170 sporcu ve ailelerinin yo\u011fun ilgisiyle ger\u00e7ekle\u015fti.<br \/>\n<br \/>Denizlili gen\u00e7 Karatecilerin Diploma ve Kemer Y\u00fckseltme T\u00f6reni, Pamukkale Yurdu Konferans Salonunda yap\u0131ld\u0131. Karate sporunun gen\u00e7 yeteneklerini onurland\u0131ran g\u00f6rkemli t\u00f6rende 170 sporcu sahneye \u00e7\u0131karken, aileler de \u00e7ocuklar\u0131n\u0131n heyecan\u0131na ortak oldu. Yakla\u015f\u0131k 700 ki\u015finin kat\u0131ld\u0131\u011f\u0131 program Sayg\u0131 Duru\u015fu ve \u0130stiklal Mar\u015f\u0131 ile ba\u015flad\u0131. T\u00fcrk Karatesinin Duayen ismi, Denizli Gen\u00e7lik Spor \u0130l M\u00fcd\u00fcrl\u00fc\u011f\u00fc Karate Antren\u00f6r\u00fc \u0130hsan Kaya ve Denizli Karate Spor Kul\u00fcb\u00fc Antren\u00f6r\u00fc Kerem Kaya\u2019n\u0131n sporcular\u0131ndan olu\u015fan karateciler, kemer t\u00f6reninde bir araya geldi.<\/p>\n<p>Gen\u00e7 yetenekler programda sahneye \u00e7\u0131karak \u00f6\u011frendikleri savunma teknikleri ve \u00f6zg\u00fcn koreografileri sergiledi. Sporcular\u0131n g\u00f6steri performanslar\u0131 izleyiciler taraf\u0131ndan ayakta alk\u0131\u015fland\u0131. G\u00f6sterilerin ard\u0131ndan, 170 sporcu sahneye davet edilerek yetkililer taraf\u0131ndan kemer ve diplomalar\u0131 takdim edildi.<br \/><\/p>\n","protected":false},"excerpt":{"rendered":"<p>Karatede bir klasik olan kemer ve diploma t\u00f6reni hafta sonu 170 sporcu ve ailelerinin yo\u011fun ilgisiyle ger\u00e7ekle\u015fti. Denizlili gen\u00e7 Karatecilerin Diploma ve Kemer Y\u00fckseltme T\u00f6reni, Pamukkale Yurdu Konferans Salonunda yap\u0131ld\u0131. Karate sporunun gen\u00e7 yeteneklerini onurland\u0131ran g\u00f6rkemli t\u00f6rende 170 sporcu sahneye \u00e7\u0131karken, aileler de \u00e7ocuklar\u0131n\u0131n heyecan\u0131na ortak oldu. Yakla\u015f\u0131k 700 ki\u015finin kat\u0131ld\u0131\u011f\u0131 program Sayg\u0131 Duru\u015fu ve&#8230;<\/p>\n","protected":false},"author":1,"featured_media":19563,"comment_status":"open","ping_status":"open","sticky":false,"template":"","format":"standard","meta":{"_crdt_document":"","footnotes":""},"categories":[4],"tags":[],"class_list":["post-19562","post","type-post","status-publish","format-standard","has-post-thumbnail","hentry","category-spor"],"_links":{"self":[{"href":"https:\/\/www.egemtv.com\/index.php?rest_route=\/wp\/v2\/posts\/19562","targetHints":{"allow":["GET"]}}],"collection":[{"href":"https:\/\/www.egemtv.com\/index.php?rest_route=\/wp\/v2\/posts"}],"about":[{"href":"https:\/\/www.egemtv.com\/index.php?rest_route=\/wp\/v2\/types\/post"}],"author":[{"embeddable":true,"href":"https:\/\/www.egemtv.com\/index.php?rest_route=\/wp\/v2\/users\/1"}],"replies":[{"embeddable":true,"href":"https:\/\/www.egemtv.com\/index.php?rest_route=%2Fwp%2Fv2%2Fcomments&post=19562"}],"version-history":[{"count":1,"href":"https:\/\/www.egemtv.com\/index.php?rest_route=\/wp\/v2\/posts\/19562\/revisions"}],"predecessor-version":[{"id":19564,"href":"https:\/\/www.egemtv.com\/index.php?rest_route=\/wp\/v2\/posts\/19562\/revisions\/19564"}],"wp:featuredmedia":[{"embeddable":true,"href":"https:\/\/www.egemtv.com\/index.php?rest_route=\/wp\/v2\/media\/19563"}],"wp:attachment":[{"href":"https:\/\/www.egemtv.com\/index.php?rest_route=%2Fwp%2Fv2%2Fmedia&parent=19562"}],"wp:term":[{"taxonomy":"category","embeddable":true,"href":"https:\/\/www.egemtv.com\/index.php?rest_route=%2Fwp%2Fv2%2Fcategories&post=19562"},{"taxonomy":"post_tag","embeddable":true,"href":"https:\/\/www.egemtv.com\/index.php?rest_route=%2Fwp%2Fv2%2Ftags&post=19562"}],"curies":[{"name":"wp","href":"https:\/\/api.w.org\/{rel}","templated":true}]}}