{"id":19559,"date":"2025-02-17T12:16:47","date_gmt":"2025-02-17T09:16:47","guid":{"rendered":"https:\/\/www.egemtv.com\/?p=19559"},"modified":"2025-02-17T12:16:53","modified_gmt":"2025-02-17T09:16:53","slug":"askeri-uniformali-sahte-komutana-dolandiriciliktan-hapis-cezasi","status":"publish","type":"post","link":"https:\/\/www.egemtv.com\/?p=19559","title":{"rendered":"Askeri \u00fcniformal\u0131 sahte komutana doland\u0131r\u0131c\u0131l\u0131ktan hapis cezas\u0131"},"content":{"rendered":"<p>\u0130zmir\u2019de giydi\u011fi askeri \u00fcniformayla kendisini subay veya astsubay olarak tan\u0131tarak taksici esnaf\u0131n\u0131 doland\u0131rmak su\u00e7undan tutuklu bulunan 28 ya\u015f\u0131ndaki S.B. hakim kar\u015f\u0131s\u0131nda \u00e7\u0131kar\u0131ld\u0131. San\u0131k duru\u015fmada su\u00e7lamalar\u0131 reddederken, hakim san\u0131k hakk\u0131nda toplam 7 y\u0131l 6 ay hapis cezas\u0131 verdi.<br \/>\n<br \/>Cumhuriyet Savc\u0131l\u0131\u011f\u0131n\u0131n iddianamesine g\u00f6re; S.B. isimli \u015fah\u0131s 12 Kas\u0131m 2024 tarihinde ya\u015fanan ilk olayda, bir taksi dura\u011f\u0131na giderek Gaziemir Ula\u015ft\u0131rma Okuluma gitmek istedi\u011fini belirtip taksiye bindi. Kendisini &#8220;Semih Astsubay&#8221; olarak tan\u0131tan S.B., kredi kart\u0131n\u0131n bloke oldu\u011funu \u00f6ne s\u00fcr\u00fcp \u00f6demeyi IBAN\u2019la yapmak istedi\u011fini s\u00f6yledi. S.B.\u2019nin kuca\u011f\u0131nda \u00fcniforma oldu\u011funu da g\u00f6rmesi \u00fczerine olu\u015fan g\u00fcven sonucu taksici M.B. para transferi ger\u00e7ekle\u015fmeden oradan ayr\u0131ld\u0131. Paran\u0131n hesab\u0131na gelmemesi \u00fczerine yolcuyu b\u0131rakt\u0131\u011f\u0131 yere geri d\u00f6nen M.B., \u015f\u00fcphelinin askeri birli\u011fe girmeden uzakla\u015ft\u0131\u011f\u0131n\u0131 \u00f6\u011frendi.<br \/>\n<br \/>\u0130kinci olayda ise, S.B. \u00fcste\u011fmen \u00fcniformas\u0131yla bir g\u00fcn sonra yine ayn\u0131 dura\u011fa geldi. Yabanc\u0131 uyruklu \u015fof\u00f6r M. E.\u2019nin kulland\u0131\u011f\u0131 taksiye binen S.B., yine kredi kart\u0131n\u0131n bloke oldu\u011fu bahanesiyle \u00f6demeyi IBAN\u2019la yapaca\u011f\u0131n\u0131 s\u00f6yledi. \u015eof\u00f6r M.E. \u00f6nceki meslekta\u015f\u0131 gibi duydu\u011fu g\u00fcvenle yolcusunu indirdikten sonra para hesab\u0131na ge\u00e7meden ayr\u0131ld\u0131. Bir s\u00fcre sonra paran\u0131n hesab\u0131na ge\u00e7medi\u011fini fark edince de doland\u0131r\u0131ld\u0131\u011f\u0131n\u0131 anlad\u0131.<br \/>\n<br \/>Sahte komutan S.B.\u2019nin IBAN doland\u0131r\u0131c\u0131l\u0131\u011f\u0131, her iki olayda bindi\u011fi taksilerin g\u00fcvenlik kameralar\u0131 taraf\u0131ndan kaydedildi.<\/p>\n<p>Menderes\u2019te yakaland\u0131<br \/>\n<br \/>\u0130lk olayda kendisini &#8220;Semih Astsubay&#8221; olarak tan\u0131tan, ikinci olayda ise \u00fczerinde \u00fcste\u011fmen \u00fcniformas\u0131 bulunan sahte komutan S.B., hakk\u0131nda yap\u0131lan \u015fikayet sonucu Menderes il\u00e7esinde jandarma taraf\u0131ndan k\u0131sk\u0131vrak yakaland\u0131. \u00dczerinde \u00fcniforma ile g\u00f6zalt\u0131na al\u0131nan 28 ya\u015f\u0131ndaki sahte komutan, &#8220;\u00d6zel \u0130\u015faret ve K\u0131yafetleri Usuls\u00fcz Kullanma&#8221; su\u00e7lamas\u0131yla hakk\u0131nda soru\u015fturma ba\u015flat\u0131ld\u0131. Ayr\u0131ca, &#8220;Nitelikli doland\u0131r\u0131c\u0131l\u0131k&#8221; su\u00e7lamas\u0131yla \u00e7\u0131kar\u0131ld\u0131\u011f\u0131 \u0130zmir 1. Sulh Ceza Hakimli\u011fi taraf\u0131ndan tutuklanarak Menemen T Tipi Kapal\u0131 Ceza \u0130nfaz Kurumuna g\u00f6nderildi.<br \/>\n<br \/>Cumhuriyet Savc\u0131s\u0131, S.B.\u2019nin, &#8220;Kamu Kurum ve Kurulu\u015flar\u0131n\u0131n Ara\u00e7 Olarak Kullan\u0131lmas\u0131 Suretiyle Nitelikli Doland\u0131r\u0131c\u0131l\u0131k&#8221; su\u00e7undan cezaland\u0131r\u0131lmas\u0131n\u0131 talep ediyor.<\/p>\n<p>Sahte komutan hakim \u00f6n\u00fcnde<br \/>\n<br \/>Kendisini subay veya astsubay olarak tan\u0131tarak sa\u011flad\u0131\u011f\u0131 g\u00fcvenle taksici esnaf\u0131n\u0131 doland\u0131rd\u0131\u011f\u0131 iddia edilen S.B., bug\u00fcn ilk duru\u015fmas\u0131na \u00e7\u0131kt\u0131. Ma\u011fdur taksici esnaf\u0131n\u0131n da haz\u0131r bulundu\u011fu duru\u015fmada san\u0131k S.B., avukat\u0131yla haz\u0131r bulundu. Duru\u015fmada kendisini savunan san\u0131k su\u00e7lamalar\u0131 reddederken, ifadesinde &#8220;IBAN\u2019\u0131mda para yok. Telefon numaram\u0131 de\u011fi\u015ftirdim. Taksi dura\u011f\u0131na gidip paray\u0131 \u00f6dedim&#8221; dedi.<br \/>\n<br \/>Duru\u015fma sonunda, san\u0131k S.B. toplamda 7 y\u0131l 6 ay hapis cezas\u0131 ald\u0131. Tutukluluk hali, h\u00fck\u00fcmle birlikte alm\u0131\u015f oldu\u011fu ceza miktar\u0131 dikkate al\u0131narak, istinaf yolu a\u00e7\u0131k olmak \u00fczere san\u0131\u011f\u0131n tahliyesine karar verildi.<\/p>\n<p>&#8220;Taksicilerimiz ma\u011fdur olmas\u0131n&#8221;<br \/>\n<br \/>Konuyla ilgili a\u00e7\u0131klamalarda bulunan \u0130zmir \u015eof\u00f6rler ve Otomobilciler Odas\u0131 Ba\u015fkan\u0131 Erkan \u00d6zkan, &#8220;Son g\u00fcnlerde doland\u0131r\u0131c\u0131l\u0131k olaylar\u0131 \u00e7o\u011fald\u0131. \u0130zmir\u2019de esnaf\u0131m\u0131z bunlara \u2018taksi fareleri\u2019 diyor. Ara\u00e7lara binip arkada\u015flar\u0131m\u0131z\u0131 dola\u015ft\u0131r\u0131yorlar. Sonra, \u2018Marketten bir paketim var, onu al\u0131p gelece\u011fim\u2019 deyip uzakla\u015f\u0131yorlar ve geri d\u00f6nm\u00fcyorlar. Arkada\u015flar\u0131m\u0131z ma\u011fdur oluyor. Taksici esnaf\u0131 kamuoyunda, k\u00f6t\u00fc bir imajla an\u0131l\u0131yor. Mustafa karde\u015fimiz bir olay ya\u015fad\u0131. Onun bu konudaki dikkati ve s\u0131k\u0131 takibiyle \u015f\u00fcpheli yakaland\u0131. Dava s\u00fcreci ba\u015flad\u0131. \u00dczerindeki askeri \u00fcniformayla \u00e7e\u015fitli taksicilerin arabas\u0131na binmi\u015f. Bazen astsubay bazen de subay \u00fcniformas\u0131 ile m\u00fc\u015fteri olarak arac\u0131n \u00f6n\u00fcne biniyor. Temiz y\u00fczl\u00fc, d\u00fczg\u00fcn ifadesiyle taksicilerimizi ma\u011fdur ediyor. Toplumumuzda askere kar\u015f\u0131 bir duyarl\u0131l\u0131k var. O duyarl\u0131l\u0131\u011f\u0131 kullan\u0131yor. Bazen c\u00fczdan\u0131n\u0131 unuttu\u011funu ve paray\u0131 sonra getirece\u011fini, bazen de al\u0131\u015fveri\u015f amac\u0131yla durup hemen gelece\u011fini s\u00f6yl\u00fcyor. Taksicilerimi oyal\u0131yor. Mustafa karde\u015fimiz de bu ki\u015fiyi yak\u0131n takibe ald\u0131. Yakalanmas\u0131na vesile oldu. Biz de kendisine destek olmak i\u00e7in yan\u0131na geldik. Bu t\u00fcr olaylar\u0131n tekrarlanmamas\u0131n\u0131 istiyoruz. Bu konu \u00f6rnek olsun ve esnaf arkada\u015flar\u0131m\u0131z\u0131n da g\u00f6zleri a\u00e7\u0131k olsun. Taksicilerimiz ma\u011fdur olmas\u0131n&#8221; dedi.<\/p>\n<p>&#8220;\u00c7antas\u0131ndan astsubay \u00fcniformas\u0131 \u00e7\u0131kard\u0131&#8221;<br \/>\n<br \/>Doland\u0131r\u0131lan taksicilerden olan Mustafa Ba\u015fta\u015f da ba\u015f\u0131ndan ge\u00e7en olay\u0131 \u015f\u00f6yle anlatt\u0131: &#8220;\u00dc\u00e7 ay \u00f6nce m\u00fc\u015fteri olarak sivil k\u0131yafetle arac\u0131ma bindi. \u00c7antas\u0131ndan astsubay \u00fcniformas\u0131n\u0131 \u00e7\u0131kar\u0131p kuca\u011f\u0131na koydu\u011funu g\u00f6rd\u00fcm. Telefonla konu\u015furken ise \u2018Komutan\u0131m ge\u00e7 kald\u0131m, taksiye bindim geliyorum\u2019 dedi. Kendisiyle sohbet ettik. Bana \u2018Astsubay\u2019 oldu\u011funu s\u00f6yledi. Askeriyenin \u00f6n\u00fcne gittik. Bana \u0130BAN \u00fczerinden para ataca\u011f\u0131n\u0131 ve paran\u0131n bana gelece\u011fini s\u00f6yledi. \u2018Ad\u0131m Semih, yolun d\u00fc\u015ferse \u00e7ay i\u00e7meye gel\u2019 dedi. Daha sonra paran\u0131n gelmedi\u011fini g\u00f6rd\u00fcm. Para gelmeyince \u015eof\u00f6rler Odas\u0131n\u0131 aray\u0131p arac\u0131n kamera kay\u0131tlar\u0131n\u0131 istedim. Kay\u0131tlar\u0131 al\u0131p askeriyeye gittim. Oradaki yetkililere durumu anlatt\u0131m ve \u015f\u00fcphelinin g\u00f6r\u00fcnt\u00fclerini g\u00f6sterdim. Yetkililer de o ki\u015finin asker olup olmad\u0131\u011f\u0131n\u0131 ara\u015ft\u0131rd\u0131. \u00d6yle birinin olmad\u0131\u011f\u0131n\u0131 s\u00f6ylediler. Daha sonra kameralardan \u015f\u00fcphelinin ne tarafa do\u011fru gitti\u011fine bakt\u0131lar. G\u00f6r\u00fcnt\u00fclerde, \u015f\u00fcphelinin askeriyeye girmedi\u011fi ve ba\u015fka y\u00f6ne do\u011fru gitti\u011fi g\u00f6r\u00fcld\u00fc. Arkada\u015flar\u0131m\u0131 da bu ki\u015fiyi taksilerine almamas\u0131 ad\u0131na uyard\u0131m. Onlar\u0131 da doland\u0131rd\u0131\u011f\u0131n\u0131 \u00f6\u011frendim. Yakla\u015f\u0131k 8 ki\u015fiyi doland\u0131rm\u0131\u015f.&#8221;<\/p>\n<p>&#8220;Asker oldu\u011funu san\u0131nca duyguland\u0131k&#8221;<br \/>\n<br \/>\u015eerefli \u00fcniformay\u0131 bu i\u015fe alet etti\u011fi i\u00e7in daha fazla ki\u015finin can\u0131n\u0131n yanmamas\u0131 ad\u0131na m\u00fccadele etti\u011fini ifade eden Ba\u015fta\u015f, &#8220;Kendisini takip ettim. Yakalatmak i\u00e7in karakollara gittim. En son Menderes\u2019te \u00fcniformayla yakaland\u0131. S\u00fcreci takip ediyoruz. Gerekli cezay\u0131 almas\u0131 i\u00e7in elinden geleni yapaca\u011f\u0131z. Biz askerimizi, polisimizi \u00e7ok seviyoruz. Asker oldu\u011funu san\u0131nca duyguland\u0131k. Bunu yapmas\u0131 hi\u00e7 ho\u015f bir \u015fey de\u011fil&#8221; ifadelerine yer verdi.<br \/><\/p>\n","protected":false},"excerpt":{"rendered":"<p>\u0130zmir\u2019de giydi\u011fi askeri \u00fcniformayla kendisini subay veya astsubay olarak tan\u0131tarak taksici esnaf\u0131n\u0131 doland\u0131rmak su\u00e7undan tutuklu bulunan 28 ya\u015f\u0131ndaki S.B. hakim kar\u015f\u0131s\u0131nda \u00e7\u0131kar\u0131ld\u0131. San\u0131k duru\u015fmada su\u00e7lamalar\u0131 reddederken, hakim san\u0131k hakk\u0131nda toplam 7 y\u0131l 6 ay hapis cezas\u0131 verdi. Cumhuriyet Savc\u0131l\u0131\u011f\u0131n\u0131n iddianamesine g\u00f6re; S.B. isimli \u015fah\u0131s 12 Kas\u0131m 2024 tarihinde ya\u015fanan ilk olayda, bir taksi dura\u011f\u0131na giderek&#8230;<\/p>\n","protected":false},"author":1,"featured_media":19560,"comment_status":"open","ping_status":"open","sticky":false,"template":"","format":"standard","meta":{"_crdt_document":"","footnotes":""},"categories":[5],"tags":[],"class_list":["post-19559","post","type-post","status-publish","format-standard","has-post-thumbnail","hentry","category-asayis"],"_links":{"self":[{"href":"https:\/\/www.egemtv.com\/index.php?rest_route=\/wp\/v2\/posts\/19559","targetHints":{"allow":["GET"]}}],"collection":[{"href":"https:\/\/www.egemtv.com\/index.php?rest_route=\/wp\/v2\/posts"}],"about":[{"href":"https:\/\/www.egemtv.com\/index.php?rest_route=\/wp\/v2\/types\/post"}],"author":[{"embeddable":true,"href":"https:\/\/www.egemtv.com\/index.php?rest_route=\/wp\/v2\/users\/1"}],"replies":[{"embeddable":true,"href":"https:\/\/www.egemtv.com\/index.php?rest_route=%2Fwp%2Fv2%2Fcomments&post=19559"}],"version-history":[{"count":1,"href":"https:\/\/www.egemtv.com\/index.php?rest_route=\/wp\/v2\/posts\/19559\/revisions"}],"predecessor-version":[{"id":19561,"href":"https:\/\/www.egemtv.com\/index.php?rest_route=\/wp\/v2\/posts\/19559\/revisions\/19561"}],"wp:featuredmedia":[{"embeddable":true,"href":"https:\/\/www.egemtv.com\/index.php?rest_route=\/wp\/v2\/media\/19560"}],"wp:attachment":[{"href":"https:\/\/www.egemtv.com\/index.php?rest_route=%2Fwp%2Fv2%2Fmedia&parent=19559"}],"wp:term":[{"taxonomy":"category","embeddable":true,"href":"https:\/\/www.egemtv.com\/index.php?rest_route=%2Fwp%2Fv2%2Fcategories&post=19559"},{"taxonomy":"post_tag","embeddable":true,"href":"https:\/\/www.egemtv.com\/index.php?rest_route=%2Fwp%2Fv2%2Ftags&post=19559"}],"curies":[{"name":"wp","href":"https:\/\/api.w.org\/{rel}","templated":true}]}}