{"id":19556,"date":"2025-02-17T12:04:41","date_gmt":"2025-02-17T09:04:41","guid":{"rendered":"https:\/\/www.egemtv.com\/?p=19556"},"modified":"2025-02-17T12:04:44","modified_gmt":"2025-02-17T09:04:44","slug":"yalniz-yasadigi-evinde-arkadasi-tarafindan-olu-bulundu","status":"publish","type":"post","link":"https:\/\/www.egemtv.com\/?p=19556","title":{"rendered":"Yaln\u0131z ya\u015fad\u0131\u011f\u0131 evinde arkada\u015f\u0131 taraf\u0131ndan \u00f6l\u00fc bulundu"},"content":{"rendered":"<p>Denizli\u2019nin Merkezefendi il\u00e7esinde yaln\u0131z ya\u015fayan \u015fah\u0131s, arkada\u015f\u0131 taraf\u0131ndan evinde \u00f6l\u00fc olarak bulundu.<\/p>\n<p>Olay, Merkezefendi il\u00e7esi Hac\u0131kaplanlar Mahallesi\u2019nde meydana geldi. Edinilen bilgilere g\u00f6re; yaln\u0131z ya\u015fayan Sait Yal\u0131n\u2019\u0131n (32) yak\u0131nlar\u0131 kendisinden haber alamad\u0131. Evine giden arkada\u015f\u0131 i\u00e7eriye girdi\u011finde Yal\u0131n\u2019\u0131n hareketsiz bedeni ile kar\u015f\u0131la\u015ft\u0131. Durumu 112 Acil \u00c7a\u011fr\u0131 Merkezi\u2019ne bildirdi. \u0130hbar \u00fczerine b\u00f6lgeye polis ve sa\u011fl\u0131k ekipleri sevk edildi. B\u00f6lgeye gelen sa\u011fl\u0131k ekiplerinin yapt\u0131\u011f\u0131 incelemelerin ard\u0131ndan Yal\u0131n\u2019\u0131n hayat\u0131n\u0131 kaybetti\u011fini belirledi.<\/p>\n<p>Sait Yal\u0131n\u2019\u0131n cans\u0131z bedeni yap\u0131lan incelemelerin ard\u0131ndan otopsi yap\u0131lmak \u00fczere Adli T\u0131p Kurumu Grup Ba\u015fkanl\u0131\u011f\u0131 morguna kald\u0131r\u0131ld\u0131.<br \/><\/p>\n","protected":false},"excerpt":{"rendered":"<p>Denizli\u2019nin Merkezefendi il\u00e7esinde yaln\u0131z ya\u015fayan \u015fah\u0131s, arkada\u015f\u0131 taraf\u0131ndan evinde \u00f6l\u00fc olarak bulundu. Olay, Merkezefendi il\u00e7esi Hac\u0131kaplanlar Mahallesi\u2019nde meydana geldi. Edinilen bilgilere g\u00f6re; yaln\u0131z ya\u015fayan Sait Yal\u0131n\u2019\u0131n (32) yak\u0131nlar\u0131 kendisinden haber alamad\u0131. Evine giden arkada\u015f\u0131 i\u00e7eriye girdi\u011finde Yal\u0131n\u2019\u0131n hareketsiz bedeni ile kar\u015f\u0131la\u015ft\u0131. Durumu 112 Acil \u00c7a\u011fr\u0131 Merkezi\u2019ne bildirdi. \u0130hbar \u00fczerine b\u00f6lgeye polis ve sa\u011fl\u0131k ekipleri sevk&#8230;<\/p>\n","protected":false},"author":1,"featured_media":19557,"comment_status":"open","ping_status":"open","sticky":false,"template":"","format":"standard","meta":{"_crdt_document":"","footnotes":""},"categories":[5],"tags":[],"class_list":["post-19556","post","type-post","status-publish","format-standard","has-post-thumbnail","hentry","category-asayis"],"_links":{"self":[{"href":"https:\/\/www.egemtv.com\/index.php?rest_route=\/wp\/v2\/posts\/19556","targetHints":{"allow":["GET"]}}],"collection":[{"href":"https:\/\/www.egemtv.com\/index.php?rest_route=\/wp\/v2\/posts"}],"about":[{"href":"https:\/\/www.egemtv.com\/index.php?rest_route=\/wp\/v2\/types\/post"}],"author":[{"embeddable":true,"href":"https:\/\/www.egemtv.com\/index.php?rest_route=\/wp\/v2\/users\/1"}],"replies":[{"embeddable":true,"href":"https:\/\/www.egemtv.com\/index.php?rest_route=%2Fwp%2Fv2%2Fcomments&post=19556"}],"version-history":[{"count":1,"href":"https:\/\/www.egemtv.com\/index.php?rest_route=\/wp\/v2\/posts\/19556\/revisions"}],"predecessor-version":[{"id":19558,"href":"https:\/\/www.egemtv.com\/index.php?rest_route=\/wp\/v2\/posts\/19556\/revisions\/19558"}],"wp:featuredmedia":[{"embeddable":true,"href":"https:\/\/www.egemtv.com\/index.php?rest_route=\/wp\/v2\/media\/19557"}],"wp:attachment":[{"href":"https:\/\/www.egemtv.com\/index.php?rest_route=%2Fwp%2Fv2%2Fmedia&parent=19556"}],"wp:term":[{"taxonomy":"category","embeddable":true,"href":"https:\/\/www.egemtv.com\/index.php?rest_route=%2Fwp%2Fv2%2Fcategories&post=19556"},{"taxonomy":"post_tag","embeddable":true,"href":"https:\/\/www.egemtv.com\/index.php?rest_route=%2Fwp%2Fv2%2Ftags&post=19556"}],"curies":[{"name":"wp","href":"https:\/\/api.w.org\/{rel}","templated":true}]}}