{"id":19553,"date":"2025-02-17T12:04:35","date_gmt":"2025-02-17T09:04:35","guid":{"rendered":"https:\/\/www.egemtv.com\/?p=19553"},"modified":"2025-02-17T12:04:40","modified_gmt":"2025-02-17T09:04:40","slug":"denizlide-turkiye-halter-sampiyonasi-icin-hazirliklar-basladi","status":"publish","type":"post","link":"https:\/\/www.egemtv.com\/?p=19553","title":{"rendered":"Denizli\u2019de T\u00fcrkiye halter \u015fampiyonas\u0131 i\u00e7in haz\u0131rl\u0131klar ba\u015flad\u0131"},"content":{"rendered":"<p>Okul Sporlar\u0131 Halter Gen\u00e7 K\u0131zlar T\u00fcrkiye \u015eampiyonas\u0131, 19-21 \u015eubat 2025 tarihleri aras\u0131nda Denizli\u2019nin ev sahipli\u011finde yap\u0131lacak. K\u0131n\u0131kl\u0131 Spor Kompleksi Spor Salonu\u2019nda ger\u00e7ekle\u015fecek \u015fampiyonaya, 81 ilden toplam 402 sporcunun kat\u0131lmas\u0131 bekleniyor.<br \/>\n<br \/>Gen\u00e7lik ve Spor Bakanl\u0131\u011f\u0131 koordinesinde d\u00fczenlenen Okul Sporlar\u0131 yar\u0131\u015fmalar\u0131 devam ediyor. Bu kapsamda 2024-2025 Okul Sporlar\u0131 Faaliyet Takviminde yer alan Halter Gen\u00e7 K\u0131zlar T\u00fcrkiye \u015eampiyonas\u0131, Denizli\u2019nin ev sahipli\u011finde 19-21 \u015eubat 2025 tarihleri aras\u0131nda K\u0131n\u0131kl\u0131 Spor Salonu\u2019nda yap\u0131lacak.<br \/>\n<br \/>402 sporcu m\u00fccadele edecek<br \/>\n<br \/>Denizli Gen\u00e7lik ve Spor \u0130l M\u00fcd\u00fcrl\u00fc\u011f\u00fc\u2019n\u00fcn organizasyonunda ger\u00e7ekle\u015fecek yar\u0131\u015fmalarda, T\u00fcrkiye\u2019nin 81 ilinden toplam 402 sporcu m\u00fccadele edecek. \u0130llerinde d\u00fczenlenen Okul Sporlar\u0131 Halter m\u00fcsabakalar\u0131nda dereceye girerek T\u00fcrkiye \u015eampiyonas\u0131 biletini alarak Denizli\u2019ye gelen sporcular, koparma ve silkme kategorilerinde en iyi dereceyi elde etmek i\u00e7in podyumda ter d\u00f6kecek.<br \/>\n<br \/>Yar\u0131\u015fmalar\u0131n teknik toplant\u0131s\u0131 18 \u015eubat 2025 Sal\u0131 g\u00fcn\u00fc saat 17.00\u2019de Pamukkale Yurdu Sosyal Tesisleri\u2019nde yap\u0131lacak. \u015eampiyona a\u00e7\u0131l\u0131\u015f seremonisi ise 19 \u015eubat 2025 \u00c7ar\u015famba g\u00fcn\u00fc t\u00fcm sporcular\u0131n kat\u0131l\u0131m\u0131yla K\u0131n\u0131kl\u0131 Spor Salonunda ger\u00e7ekle\u015fecek.<br \/><\/p>\n","protected":false},"excerpt":{"rendered":"<p>Okul Sporlar\u0131 Halter Gen\u00e7 K\u0131zlar T\u00fcrkiye \u015eampiyonas\u0131, 19-21 \u015eubat 2025 tarihleri aras\u0131nda Denizli\u2019nin ev sahipli\u011finde yap\u0131lacak. K\u0131n\u0131kl\u0131 Spor Kompleksi Spor Salonu\u2019nda ger\u00e7ekle\u015fecek \u015fampiyonaya, 81 ilden toplam 402 sporcunun kat\u0131lmas\u0131 bekleniyor. Gen\u00e7lik ve Spor Bakanl\u0131\u011f\u0131 koordinesinde d\u00fczenlenen Okul Sporlar\u0131 yar\u0131\u015fmalar\u0131 devam ediyor. Bu kapsamda 2024-2025 Okul Sporlar\u0131 Faaliyet Takviminde yer alan Halter Gen\u00e7 K\u0131zlar T\u00fcrkiye \u015eampiyonas\u0131,&#8230;<\/p>\n","protected":false},"author":1,"featured_media":19554,"comment_status":"open","ping_status":"open","sticky":false,"template":"","format":"standard","meta":{"_crdt_document":"","footnotes":""},"categories":[4],"tags":[],"class_list":["post-19553","post","type-post","status-publish","format-standard","has-post-thumbnail","hentry","category-spor"],"_links":{"self":[{"href":"https:\/\/www.egemtv.com\/index.php?rest_route=\/wp\/v2\/posts\/19553","targetHints":{"allow":["GET"]}}],"collection":[{"href":"https:\/\/www.egemtv.com\/index.php?rest_route=\/wp\/v2\/posts"}],"about":[{"href":"https:\/\/www.egemtv.com\/index.php?rest_route=\/wp\/v2\/types\/post"}],"author":[{"embeddable":true,"href":"https:\/\/www.egemtv.com\/index.php?rest_route=\/wp\/v2\/users\/1"}],"replies":[{"embeddable":true,"href":"https:\/\/www.egemtv.com\/index.php?rest_route=%2Fwp%2Fv2%2Fcomments&post=19553"}],"version-history":[{"count":1,"href":"https:\/\/www.egemtv.com\/index.php?rest_route=\/wp\/v2\/posts\/19553\/revisions"}],"predecessor-version":[{"id":19555,"href":"https:\/\/www.egemtv.com\/index.php?rest_route=\/wp\/v2\/posts\/19553\/revisions\/19555"}],"wp:featuredmedia":[{"embeddable":true,"href":"https:\/\/www.egemtv.com\/index.php?rest_route=\/wp\/v2\/media\/19554"}],"wp:attachment":[{"href":"https:\/\/www.egemtv.com\/index.php?rest_route=%2Fwp%2Fv2%2Fmedia&parent=19553"}],"wp:term":[{"taxonomy":"category","embeddable":true,"href":"https:\/\/www.egemtv.com\/index.php?rest_route=%2Fwp%2Fv2%2Fcategories&post=19553"},{"taxonomy":"post_tag","embeddable":true,"href":"https:\/\/www.egemtv.com\/index.php?rest_route=%2Fwp%2Fv2%2Ftags&post=19553"}],"curies":[{"name":"wp","href":"https:\/\/api.w.org\/{rel}","templated":true}]}}