{"id":19550,"date":"2025-02-17T12:02:22","date_gmt":"2025-02-17T09:02:22","guid":{"rendered":"https:\/\/www.egemtv.com\/?p=19550"},"modified":"2025-02-17T12:02:27","modified_gmt":"2025-02-17T09:02:27","slug":"cercioglu-efeler-belediye-baskani-yetiskinin-yanindayiz","status":"publish","type":"post","link":"https:\/\/www.egemtv.com\/?p=19550","title":{"rendered":"\u00c7er\u00e7io\u011flu: &#8220;Efeler Belediye Ba\u015fkan\u0131 Yeti\u015fkin\u2019in yan\u0131nday\u0131z&#8221;"},"content":{"rendered":"<p>Ayd\u0131n B\u00fcy\u00fck\u015fehir Belediye Ba\u015fkan\u0131 \u00d6zlem \u00c7er\u00e7io\u011flu, Efeler Belediye Ba\u015fkan\u0131 An\u0131l Yeti\u015fkin\u2019i makam\u0131nda ziyaret etti. Ba\u015fkan \u00c7er\u00e7io\u011flu, &#8220;Efeler Belediye Ba\u015fkan\u0131m\u0131z An\u0131l Yeti\u015fkin\u2019in yan\u0131nday\u0131z&#8221; dedi.<\/p>\n<p>Bulu\u015fmada dayan\u0131\u015fma ve i\u015f birli\u011fi vurgusu bir kez daha \u00f6ne \u00e7\u0131kt\u0131. Ba\u015fkan \u00c7er\u00e7io\u011flu, Efeler Belediyesi\u2019nin yan\u0131nda olduklar\u0131n\u0131 belirterek, belediyeler aras\u0131ndaki uyumlu \u00e7al\u0131\u015fman\u0131n kent halk\u0131 i\u00e7in \u00f6nemli oldu\u011funu ifade etti. Ba\u015fkan \u00c7er\u00e7io\u011flu, &#8220;Cumhuriyet Halk Partili belediyeler olarak vatanda\u015flar\u0131m\u0131za her \u015fartta hizmet ettik, etmeye de devam edece\u011fiz. Efeler Belediye Ba\u015fkan\u0131m\u0131z An\u0131l Yeti\u015fkin\u2019in yan\u0131nday\u0131z&#8221; dedi.<\/p>\n<p>Ziyaretten b\u00fcy\u00fck memnuniyet duydu\u011funu ifade eden Efeler Belediye Ba\u015fkan\u0131 An\u0131l Yeti\u015fkin, &#8220;Ayd\u0131n\u2019a hizmet yolunda her zaman \u00f6nc\u00fcl\u00fck eden, bizlere yol g\u00f6steren B\u00fcy\u00fck\u015fehir Belediye Ba\u015fkan\u0131m\u0131z \u00d6zlem \u00c7er\u00e7io\u011flu\u2019na te\u015fekk\u00fcr ediyorum. Kendisi, sadece Ayd\u0131n\u2019da de\u011fil, t\u00fcm T\u00fcrkiye\u2019de sosyal belediyecili\u011fin en g\u00fc\u00e7l\u00fc temsilcilerinden biri olarak halk\u0131n sevgisini kazanm\u0131\u015f bir ba\u015fkand\u0131r. Bug\u00fcn burada olmas\u0131, bizler i\u00e7in b\u00fcy\u00fck bir moral ve g\u00fc\u00e7 kayna\u011f\u0131d\u0131r&#8221; diye konu\u015ftu.<\/p>\n<p>Ba\u015fkan Yeti\u015fkin yerel y\u00f6netimlerin en b\u00fcy\u00fck g\u00fcc\u00fcn\u00fcn halk\u0131n deste\u011fi ve belediyeler aras\u0131 dayan\u0131\u015fma oldu\u011funu vurgulayarak, B\u00fcy\u00fck\u015fehir Belediyesi ile el ele vererek Efeler halk\u0131na en iyi hizmeti sunmaya devam edeceklerini s\u00f6yledi. G\u00f6r\u00fc\u015fmenin ard\u0131ndan her iki ba\u015fkan da ortak projeler ve kent vizyonu \u00fczerine fikir al\u0131\u015fveri\u015finde bulunarak, birlik mesaj\u0131 verdi.<br \/><\/p>\n","protected":false},"excerpt":{"rendered":"<p>Ayd\u0131n B\u00fcy\u00fck\u015fehir Belediye Ba\u015fkan\u0131 \u00d6zlem \u00c7er\u00e7io\u011flu, Efeler Belediye Ba\u015fkan\u0131 An\u0131l Yeti\u015fkin\u2019i makam\u0131nda ziyaret etti. Ba\u015fkan \u00c7er\u00e7io\u011flu, &#8220;Efeler Belediye Ba\u015fkan\u0131m\u0131z An\u0131l Yeti\u015fkin\u2019in yan\u0131nday\u0131z&#8221; dedi. Bulu\u015fmada dayan\u0131\u015fma ve i\u015f birli\u011fi vurgusu bir kez daha \u00f6ne \u00e7\u0131kt\u0131. Ba\u015fkan \u00c7er\u00e7io\u011flu, Efeler Belediyesi\u2019nin yan\u0131nda olduklar\u0131n\u0131 belirterek, belediyeler aras\u0131ndaki uyumlu \u00e7al\u0131\u015fman\u0131n kent halk\u0131 i\u00e7in \u00f6nemli oldu\u011funu ifade etti. Ba\u015fkan \u00c7er\u00e7io\u011flu, &#8220;Cumhuriyet&#8230;<\/p>\n","protected":false},"author":1,"featured_media":19551,"comment_status":"open","ping_status":"open","sticky":false,"template":"","format":"standard","meta":{"_crdt_document":"","footnotes":""},"categories":[1],"tags":[],"class_list":["post-19550","post","type-post","status-publish","format-standard","has-post-thumbnail","hentry","category-guncel"],"_links":{"self":[{"href":"https:\/\/www.egemtv.com\/index.php?rest_route=\/wp\/v2\/posts\/19550","targetHints":{"allow":["GET"]}}],"collection":[{"href":"https:\/\/www.egemtv.com\/index.php?rest_route=\/wp\/v2\/posts"}],"about":[{"href":"https:\/\/www.egemtv.com\/index.php?rest_route=\/wp\/v2\/types\/post"}],"author":[{"embeddable":true,"href":"https:\/\/www.egemtv.com\/index.php?rest_route=\/wp\/v2\/users\/1"}],"replies":[{"embeddable":true,"href":"https:\/\/www.egemtv.com\/index.php?rest_route=%2Fwp%2Fv2%2Fcomments&post=19550"}],"version-history":[{"count":1,"href":"https:\/\/www.egemtv.com\/index.php?rest_route=\/wp\/v2\/posts\/19550\/revisions"}],"predecessor-version":[{"id":19552,"href":"https:\/\/www.egemtv.com\/index.php?rest_route=\/wp\/v2\/posts\/19550\/revisions\/19552"}],"wp:featuredmedia":[{"embeddable":true,"href":"https:\/\/www.egemtv.com\/index.php?rest_route=\/wp\/v2\/media\/19551"}],"wp:attachment":[{"href":"https:\/\/www.egemtv.com\/index.php?rest_route=%2Fwp%2Fv2%2Fmedia&parent=19550"}],"wp:term":[{"taxonomy":"category","embeddable":true,"href":"https:\/\/www.egemtv.com\/index.php?rest_route=%2Fwp%2Fv2%2Fcategories&post=19550"},{"taxonomy":"post_tag","embeddable":true,"href":"https:\/\/www.egemtv.com\/index.php?rest_route=%2Fwp%2Fv2%2Ftags&post=19550"}],"curies":[{"name":"wp","href":"https:\/\/api.w.org\/{rel}","templated":true}]}}