{"id":19547,"date":"2025-02-17T11:51:38","date_gmt":"2025-02-17T08:51:38","guid":{"rendered":"https:\/\/www.egemtv.com\/?p=19547"},"modified":"2025-02-17T11:51:42","modified_gmt":"2025-02-17T08:51:42","slug":"stadyum-icin-dugmeye-basildi-calismalar-basladi","status":"publish","type":"post","link":"https:\/\/www.egemtv.com\/?p=19547","title":{"rendered":"Stadyum i\u00e7in d\u00fc\u011fmeye bas\u0131ld\u0131, \u00e7al\u0131\u015fmalar ba\u015flad\u0131"},"content":{"rendered":"<p>Ayd\u0131n\u2019\u0131n Efeler il\u00e7esinde bulunan ve depreme dayan\u0131ks\u0131z oldu\u011fu gerek\u00e7esiyle y\u0131k\u0131lan Adnan Menderes Stadyumu alan\u0131na yap\u0131lacak olan 6 bin ki\u015filik yeni stadyum i\u00e7in \u00e7al\u0131\u015fmalar ba\u015flad\u0131.<\/p>\n<p>Ayd\u0131n\u2019\u0131n spor alan\u0131nda simge yerlerinden olan ve bir d\u00f6nem Ayd\u0131nspor\u2019un birinci lig ma\u00e7lar\u0131na ev sahipli\u011fi yapan Adnan Menderes Stadyumu\u2019nun, depreme dayan\u0131ks\u0131z oldu\u011fu gerek\u00e7esiyle y\u0131k\u0131lmas\u0131n\u0131n ard\u0131ndan yeni stadyumun yap\u0131lmas\u0131 i\u00e7in harekete ge\u00e7ildi. Yeni stadyumun mevcut yerine yap\u0131lmas\u0131 i\u00e7in haz\u0131rlanan proje, Gen\u00e7lik ve Spor Bakanl\u0131\u011f\u0131 taraf\u0131ndan onaylanmas\u0131n\u0131n ard\u0131ndan 6 bin ki\u015filik stadyum i\u00e7in \u00e7al\u0131\u015fmalar ba\u015flad\u0131. S\u00f6zle\u015fme bedeli 202 milyon TL olan yeni stadyum i\u00e7in i\u015f makineleri sahaya inerken, stadyum alan\u0131nda ilk kep\u00e7e vuruldu.<\/p>\n<p>\u00c7al\u0131\u015fmalar\u0131n y\u0131l sonuna kadar tamamlanmas\u0131 beklenirken yeni stadyumda, 6 kulvarl\u0131 atletizm pisti, misafir ve ev sahibi olmak \u00fczere 2 adet soyunma odas\u0131, 18 adet loca, ilk yard\u0131m odas\u0131, bay ve bayan hakem olmak \u00fczere 2 adet soyunma odas\u0131, akreditasyon odas\u0131, 2 adet rezerv oda, bas\u0131n \u00e7al\u0131\u015fma odas\u0131, doping odas\u0131, sa\u011fl\u0131k odas\u0131, teshin merkezi, TV ve radyo anlat\u0131m odalar\u0131, g\u00f6zlemci odas\u0131, \u015fok havuzu, resepsiyon salonu, 3 adet antrenman salonu ve bunlara ait du\u015f ile tuvaletler bulunacak.<br \/><\/p>\n","protected":false},"excerpt":{"rendered":"<p>Ayd\u0131n\u2019\u0131n Efeler il\u00e7esinde bulunan ve depreme dayan\u0131ks\u0131z oldu\u011fu gerek\u00e7esiyle y\u0131k\u0131lan Adnan Menderes Stadyumu alan\u0131na yap\u0131lacak olan 6 bin ki\u015filik yeni stadyum i\u00e7in \u00e7al\u0131\u015fmalar ba\u015flad\u0131. Ayd\u0131n\u2019\u0131n spor alan\u0131nda simge yerlerinden olan ve bir d\u00f6nem Ayd\u0131nspor\u2019un birinci lig ma\u00e7lar\u0131na ev sahipli\u011fi yapan Adnan Menderes Stadyumu\u2019nun, depreme dayan\u0131ks\u0131z oldu\u011fu gerek\u00e7esiyle y\u0131k\u0131lmas\u0131n\u0131n ard\u0131ndan yeni stadyumun yap\u0131lmas\u0131 i\u00e7in harekete ge\u00e7ildi&#8230;.<\/p>\n","protected":false},"author":1,"featured_media":19548,"comment_status":"open","ping_status":"open","sticky":false,"template":"","format":"standard","meta":{"_crdt_document":"","footnotes":""},"categories":[4],"tags":[],"class_list":["post-19547","post","type-post","status-publish","format-standard","has-post-thumbnail","hentry","category-spor"],"_links":{"self":[{"href":"https:\/\/www.egemtv.com\/index.php?rest_route=\/wp\/v2\/posts\/19547","targetHints":{"allow":["GET"]}}],"collection":[{"href":"https:\/\/www.egemtv.com\/index.php?rest_route=\/wp\/v2\/posts"}],"about":[{"href":"https:\/\/www.egemtv.com\/index.php?rest_route=\/wp\/v2\/types\/post"}],"author":[{"embeddable":true,"href":"https:\/\/www.egemtv.com\/index.php?rest_route=\/wp\/v2\/users\/1"}],"replies":[{"embeddable":true,"href":"https:\/\/www.egemtv.com\/index.php?rest_route=%2Fwp%2Fv2%2Fcomments&post=19547"}],"version-history":[{"count":1,"href":"https:\/\/www.egemtv.com\/index.php?rest_route=\/wp\/v2\/posts\/19547\/revisions"}],"predecessor-version":[{"id":19549,"href":"https:\/\/www.egemtv.com\/index.php?rest_route=\/wp\/v2\/posts\/19547\/revisions\/19549"}],"wp:featuredmedia":[{"embeddable":true,"href":"https:\/\/www.egemtv.com\/index.php?rest_route=\/wp\/v2\/media\/19548"}],"wp:attachment":[{"href":"https:\/\/www.egemtv.com\/index.php?rest_route=%2Fwp%2Fv2%2Fmedia&parent=19547"}],"wp:term":[{"taxonomy":"category","embeddable":true,"href":"https:\/\/www.egemtv.com\/index.php?rest_route=%2Fwp%2Fv2%2Fcategories&post=19547"},{"taxonomy":"post_tag","embeddable":true,"href":"https:\/\/www.egemtv.com\/index.php?rest_route=%2Fwp%2Fv2%2Ftags&post=19547"}],"curies":[{"name":"wp","href":"https:\/\/api.w.org\/{rel}","templated":true}]}}