{"id":19544,"date":"2025-02-17T11:51:33","date_gmt":"2025-02-17T08:51:33","guid":{"rendered":"https:\/\/www.egemtv.com\/?p=19544"},"modified":"2025-02-17T11:51:37","modified_gmt":"2025-02-17T08:51:37","slug":"bozdogan-deve-guresine-hazirlaniyor","status":"publish","type":"post","link":"https:\/\/www.egemtv.com\/?p=19544","title":{"rendered":"Bozdo\u011fan, Deve G\u00fcre\u015fi\u2019ne haz\u0131rlan\u0131yor"},"content":{"rendered":"<p>Bozdo\u011fan, Ege, Marmara ve Akdeniz\u2019in en prestijli deve g\u00fcre\u015fi festivallerinden birine ev sahipli\u011fi yapmaya haz\u0131rlan\u0131yor.<\/p>\n<p>Bu y\u0131l 20\u2019ncisi d\u00fczenlenecek olan Bozdo\u011fan Geleneksel Deve G\u00fcre\u015fi Festivali i\u00e7in t\u00fcm haz\u0131rl\u0131klar tamamland\u0131. G\u00fcre\u015f sahas\u0131ndaki d\u00fczenleme \u00e7al\u0131\u015fmalar\u0131 sona ererken, Bozdo\u011fan Belediye Ba\u015fkan\u0131 Mustafa Galip \u00d6zel, festivalin heyecan\u0131n\u0131 payla\u015farak vatanda\u015flar\u0131 bu b\u00fcy\u00fck organizasyona davet etti.<\/p>\n<p>Ege, Akdeniz ve Marmara b\u00f6lgelerinin en \u00fcnl\u00fc pehlivan develerinin m\u00fccadele edece\u011fi festival, deve g\u00fcre\u015fi tutkunlar\u0131 i\u00e7in b\u00fcy\u00fck bir \u015f\u00f6len sunacak. Festivalde, b\u00f6lgenin g\u00fc\u00e7l\u00fc ve deneyimli deve sahipleri de k\u0131yas\u0131ya bir rekabet i\u00e7inde olacak.<\/p>\n<p>Ba\u015fkan Mustafa Galip \u00d6zel, festivalin k\u00fclt\u00fcrel miras a\u00e7\u0131s\u0131ndan \u00f6nemine de\u011finerek, &#8220;Bozdo\u011fan olarak, ata yadig\u00e2r\u0131 deve g\u00fcre\u015fi gelene\u011fimizi ya\u015fatmaya devam ediyoruz. Her y\u0131l oldu\u011fu gibi bu y\u0131l da festivalimize b\u00fcy\u00fck bir ilgi bekliyoruz. T\u00fcm g\u00fcre\u015f severleri Bozdo\u011fan\u2019a bekliyoruz&#8221; dedi.<br \/><\/p>\n","protected":false},"excerpt":{"rendered":"<p>Bozdo\u011fan, Ege, Marmara ve Akdeniz\u2019in en prestijli deve g\u00fcre\u015fi festivallerinden birine ev sahipli\u011fi yapmaya haz\u0131rlan\u0131yor. Bu y\u0131l 20\u2019ncisi d\u00fczenlenecek olan Bozdo\u011fan Geleneksel Deve G\u00fcre\u015fi Festivali i\u00e7in t\u00fcm haz\u0131rl\u0131klar tamamland\u0131. G\u00fcre\u015f sahas\u0131ndaki d\u00fczenleme \u00e7al\u0131\u015fmalar\u0131 sona ererken, Bozdo\u011fan Belediye Ba\u015fkan\u0131 Mustafa Galip \u00d6zel, festivalin heyecan\u0131n\u0131 payla\u015farak vatanda\u015flar\u0131 bu b\u00fcy\u00fck organizasyona davet etti. Ege, Akdeniz ve Marmara b\u00f6lgelerinin&#8230;<\/p>\n","protected":false},"author":1,"featured_media":19545,"comment_status":"open","ping_status":"open","sticky":false,"template":"","format":"standard","meta":{"_crdt_document":"","footnotes":""},"categories":[1],"tags":[],"class_list":["post-19544","post","type-post","status-publish","format-standard","has-post-thumbnail","hentry","category-guncel"],"_links":{"self":[{"href":"https:\/\/www.egemtv.com\/index.php?rest_route=\/wp\/v2\/posts\/19544","targetHints":{"allow":["GET"]}}],"collection":[{"href":"https:\/\/www.egemtv.com\/index.php?rest_route=\/wp\/v2\/posts"}],"about":[{"href":"https:\/\/www.egemtv.com\/index.php?rest_route=\/wp\/v2\/types\/post"}],"author":[{"embeddable":true,"href":"https:\/\/www.egemtv.com\/index.php?rest_route=\/wp\/v2\/users\/1"}],"replies":[{"embeddable":true,"href":"https:\/\/www.egemtv.com\/index.php?rest_route=%2Fwp%2Fv2%2Fcomments&post=19544"}],"version-history":[{"count":1,"href":"https:\/\/www.egemtv.com\/index.php?rest_route=\/wp\/v2\/posts\/19544\/revisions"}],"predecessor-version":[{"id":19546,"href":"https:\/\/www.egemtv.com\/index.php?rest_route=\/wp\/v2\/posts\/19544\/revisions\/19546"}],"wp:featuredmedia":[{"embeddable":true,"href":"https:\/\/www.egemtv.com\/index.php?rest_route=\/wp\/v2\/media\/19545"}],"wp:attachment":[{"href":"https:\/\/www.egemtv.com\/index.php?rest_route=%2Fwp%2Fv2%2Fmedia&parent=19544"}],"wp:term":[{"taxonomy":"category","embeddable":true,"href":"https:\/\/www.egemtv.com\/index.php?rest_route=%2Fwp%2Fv2%2Fcategories&post=19544"},{"taxonomy":"post_tag","embeddable":true,"href":"https:\/\/www.egemtv.com\/index.php?rest_route=%2Fwp%2Fv2%2Ftags&post=19544"}],"curies":[{"name":"wp","href":"https:\/\/api.w.org\/{rel}","templated":true}]}}