{"id":19541,"date":"2025-02-17T11:43:00","date_gmt":"2025-02-17T08:43:00","guid":{"rendered":"https:\/\/www.egemtv.com\/?p=19541"},"modified":"2025-02-17T11:43:05","modified_gmt":"2025-02-17T08:43:05","slug":"altinorduda-keyifler-yerinde","status":"publish","type":"post","link":"https:\/\/www.egemtv.com\/?p=19541","title":{"rendered":"Alt\u0131nordu\u2019da keyifler yerinde"},"content":{"rendered":"<p>TFF 2. Lig\u2019deki yo\u011fun ma\u00e7 haftas\u0131nda oynad\u0131\u011f\u0131 K\u0131rklarelispor, 24Erzincanspor ve Sincan Belediye Ankaraspor ma\u00e7lar\u0131ndan galibiyetle ayr\u0131lan Alt\u0131nordu\u2019da keyifler yerine geldi.<br \/>\n<br \/>TFF 2. Lig\u2019in ikinci yar\u0131s\u0131na deplasmanda oynad\u0131\u011f\u0131 ve gols\u00fcz berabere kald\u0131\u011f\u0131 \u0130neg\u00f6l ma\u00e7\u0131yla ba\u015flayan Alt\u0131nordu, ya\u015fanan puan kayb\u0131n\u0131n ard\u0131ndan teknik direkt\u00f6r Olcay \u015eahan ile yollar\u0131 ay\u0131r\u0131p tak\u0131m\u0131n ba\u015f\u0131na Ersan Parlatan\u2019\u0131 getirmi\u015fti. Parlatan y\u00f6netimindeki ilk ma\u00e7\u0131nda Kepezspor ile gols\u00fcz berabere kalan k\u0131rm\u0131z\u0131-lacivertliler, sonraki hafta deplasmanda Isparta 32 Spor ile berabere kald\u0131. TFF 2. Lig\u2019de yo\u011fun ma\u00e7 trafi\u011finin ba\u015flad\u0131\u011f\u0131 haftada ge\u00e7en hafta sahas\u0131nda K\u0131rklarelispor\u2019u, ge\u00e7en hafta i\u00e7inde 24 Erzincanspor\u2019u ma\u011flup eden Alt\u0131nordu; Pazar g\u00fcn\u00fc de 2-0 geriye d\u00fc\u015ft\u00fc\u011f\u00fc ma\u00e7ta Sincan Belediyespor\u2019u 3-2 ma\u011flup ederek zirve yar\u0131\u015f\u0131 i\u00e7in \u00f6nemli bir \u00fc\u00e7 puana imza att\u0131. \u0130zmir ekibi, ald\u0131\u011f\u0131 bu galibiyetle lider Sar\u0131yer ile puan fark\u0131n\u0131 9\u2019a d\u00fc\u015f\u00fcrd\u00fc.<\/p>\n<p>Ersan Parlatan oyuncular\u0131n\u0131 tebrik etti<br \/>\n<br \/>Alt\u0131nordu Teknik Direkt\u00f6r\u00fc Ersan Parlatan, Sincan Belediyespor kar\u015f\u0131s\u0131nda geriye d\u00fc\u015fmelerine ra\u011fmen ald\u0131klar\u0131 galibiyetten dolay\u0131 futbolcular\u0131n\u0131 soyunma odas\u0131nda tek tek kutlad\u0131\u011f\u0131 \u00f6\u011frenildi. Daha sonra kul\u00fcp televizyonuna \u00f6nemli a\u00e7\u0131klamalarda bulunan Parlatan, son haftalardaki performanslar\u0131ndan memnun oldu\u011funu dile getirdi. Yo\u011fun ma\u00e7 trafi\u011finde oynad\u0131klar\u0131 \u00fc\u00e7 ma\u00e7\u0131 da kazand\u0131klar\u0131n\u0131 ve bundan dolay\u0131 da oyuncular\u0131n\u0131 tebrik etti\u011fini ifade eden Parlatan, &#8220;Ligde her ma\u00e7\u0131n zor oldu\u011funu s\u00f6ylemi\u015ftim. Her ma\u00e7\u0131m\u0131z \u00e7ok zor ge\u00e7ecek. Sahada; isteyen arzulayan m\u00fccadele eden ma\u00e7\u0131 kazanacak. Ankaraspor ma\u00e7\u0131nda da pes etmediniz ve galibiyetle ayr\u0131ld\u0131n\u0131z. Ben sizlere inan\u0131yorum. Ma\u00e7 ma\u00e7 d\u00fc\u015f\u00fcn\u00fcp ligin sonuna kadar zirve yar\u0131\u015f\u0131n\u0131 kovalayaca\u011f\u0131z&#8221; \u015feklinde konu\u015ftu.<br \/><\/p>\n","protected":false},"excerpt":{"rendered":"<p>TFF 2. Lig\u2019deki yo\u011fun ma\u00e7 haftas\u0131nda oynad\u0131\u011f\u0131 K\u0131rklarelispor, 24Erzincanspor ve Sincan Belediye Ankaraspor ma\u00e7lar\u0131ndan galibiyetle ayr\u0131lan Alt\u0131nordu\u2019da keyifler yerine geldi. TFF 2. Lig\u2019in ikinci yar\u0131s\u0131na deplasmanda oynad\u0131\u011f\u0131 ve gols\u00fcz berabere kald\u0131\u011f\u0131 \u0130neg\u00f6l ma\u00e7\u0131yla ba\u015flayan Alt\u0131nordu, ya\u015fanan puan kayb\u0131n\u0131n ard\u0131ndan teknik direkt\u00f6r Olcay \u015eahan ile yollar\u0131 ay\u0131r\u0131p tak\u0131m\u0131n ba\u015f\u0131na Ersan Parlatan\u2019\u0131 getirmi\u015fti. Parlatan y\u00f6netimindeki ilk ma\u00e7\u0131nda&#8230;<\/p>\n","protected":false},"author":1,"featured_media":19542,"comment_status":"open","ping_status":"open","sticky":false,"template":"","format":"standard","meta":{"_crdt_document":"","footnotes":""},"categories":[4],"tags":[],"class_list":["post-19541","post","type-post","status-publish","format-standard","has-post-thumbnail","hentry","category-spor"],"_links":{"self":[{"href":"https:\/\/www.egemtv.com\/index.php?rest_route=\/wp\/v2\/posts\/19541","targetHints":{"allow":["GET"]}}],"collection":[{"href":"https:\/\/www.egemtv.com\/index.php?rest_route=\/wp\/v2\/posts"}],"about":[{"href":"https:\/\/www.egemtv.com\/index.php?rest_route=\/wp\/v2\/types\/post"}],"author":[{"embeddable":true,"href":"https:\/\/www.egemtv.com\/index.php?rest_route=\/wp\/v2\/users\/1"}],"replies":[{"embeddable":true,"href":"https:\/\/www.egemtv.com\/index.php?rest_route=%2Fwp%2Fv2%2Fcomments&post=19541"}],"version-history":[{"count":1,"href":"https:\/\/www.egemtv.com\/index.php?rest_route=\/wp\/v2\/posts\/19541\/revisions"}],"predecessor-version":[{"id":19543,"href":"https:\/\/www.egemtv.com\/index.php?rest_route=\/wp\/v2\/posts\/19541\/revisions\/19543"}],"wp:featuredmedia":[{"embeddable":true,"href":"https:\/\/www.egemtv.com\/index.php?rest_route=\/wp\/v2\/media\/19542"}],"wp:attachment":[{"href":"https:\/\/www.egemtv.com\/index.php?rest_route=%2Fwp%2Fv2%2Fmedia&parent=19541"}],"wp:term":[{"taxonomy":"category","embeddable":true,"href":"https:\/\/www.egemtv.com\/index.php?rest_route=%2Fwp%2Fv2%2Fcategories&post=19541"},{"taxonomy":"post_tag","embeddable":true,"href":"https:\/\/www.egemtv.com\/index.php?rest_route=%2Fwp%2Fv2%2Ftags&post=19541"}],"curies":[{"name":"wp","href":"https:\/\/api.w.org\/{rel}","templated":true}]}}