{"id":19505,"date":"2025-02-17T10:35:30","date_gmt":"2025-02-17T07:35:30","guid":{"rendered":"https:\/\/www.egemtv.com\/?p=19505"},"modified":"2025-02-17T10:35:34","modified_gmt":"2025-02-17T07:35:34","slug":"izmir-merkezli-ceipes-turkiyeden-gorme-engelli-oyunculara-destek","status":"publish","type":"post","link":"https:\/\/www.egemtv.com\/?p=19505","title":{"rendered":"\u0130zmir merkezli CEIPES T\u00fcrkiye\u2019den g\u00f6rme engelli oyunculara destek"},"content":{"rendered":"<p>E\u011fitim ve Kalk\u0131nman\u0131n Yayg\u0131nla\u015ft\u0131r\u0131lmas\u0131 i\u00e7in Uluslararas\u0131 Merkez Derne\u011fi (CEIPES T\u00fcrkiye) taraf\u0131ndan y\u00fcr\u00fct\u00fclen \u2018Erasmus+ projesi Theavios\u2019 kapsam\u0131nda, 8-9 \u015eubat tarihlerinde at\u00f6lye \u00e7al\u0131\u015fmas\u0131 ger\u00e7ekle\u015ftirildi. Ortado\u011fu Engelsiz E\u011fitim Derne\u011finin ev sahipli\u011finde Ankara\u2019da d\u00fczenlenen etkinlikte, g\u00f6rme engelli oyuncular\u0131n tiyatro sahnelerinde daha fazla yer almas\u0131n\u0131 sa\u011flamak amac\u0131yla geli\u015ftirilmi\u015f baz\u0131 drama tekniklerinin \u00f6n denemeleri yap\u0131ld\u0131.<\/p>\n<p>&#8220;Toplumsal kalk\u0131nmaya katk\u0131 sa\u011flamaya devam edece\u011fiz&#8221;<br \/>\n<br \/>Proje ile ilgili bilgiler veren proje y\u00f6neticisi Onur \u015eahan, &#8220;Derne\u011fimizin merkezi \u0130zmir\u2019in \u00d6demi\u015f il\u00e7esinde yer al\u0131yor. Yakla\u015f\u0131k 15 y\u0131ld\u0131r aktif \u015fekilde Avrupa Birli\u011fi fonlar\u0131 arac\u0131l\u0131\u011f\u0131yla gen\u00e7 ve yeti\u015fkinlere y\u00f6nelik projeler y\u00fcr\u00fct\u00fcyoruz. \u00c7al\u0131\u015fmalar\u0131m\u0131z h\u0131z kesmeden devam ediyor. Gelecek y\u0131llarda da Avrupa Birli\u011fi ortakl\u0131\u011f\u0131yla bu gibi \u00e7al\u0131\u015fmalar\u0131 devam ettirerek toplumsal kalk\u0131nmaya katk\u0131 sa\u011flamaya devam edece\u011fiz&#8221; diye konu\u015ftu.<br \/>\n<br \/>Tiyatro e\u011fitmeni ve y\u00f6netmen Ali K\u0131rkar da &#8220;Theavios projesi, g\u00f6rme engelli bireylerin tiyatro sahnelerinde yer alabilmeleri i\u00e7in gerekli teknik deste\u011fi sa\u011flayarak, sahne sanatlar\u0131nda eri\u015filebilirli\u011fi art\u0131rmay\u0131 hedefliyor. Projenin \u00f6nceki a\u015famalar\u0131nda, yerli ve yabanc\u0131 literat\u00fcr ara\u015ft\u0131rmalar\u0131, anketler ve r\u00f6portajlar yoluyla yap\u0131lan ihtiya\u00e7 analizi sonucunda bir rapor yay\u0131nland\u0131. Bu rapor, g\u00f6rme engelli oyuncular\u0131n sahneye daha aktif kat\u0131l\u0131m\u0131n\u0131 engelleyen mevcut ve potansiyel zorluklar\u0131 detayl\u0131 bir \u015fekilde ortaya koyuyor&#8221; ifadelerine yer verdi.<\/p>\n<p>&#8220;Fazla bir engelin olmad\u0131\u011f\u0131n\u0131n fark\u0131na vard\u0131lar&#8221;<br \/>\n<br \/>K\u0131rkar, at\u00f6lye \u00e7al\u0131\u015fmas\u0131na, 3 g\u00f6rme engelli ve 3 g\u00f6rme kabiliyeti olan g\u00f6n\u00fcll\u00fc oyuncular\u0131n kat\u0131ld\u0131\u011f\u0131n\u0131 aktard\u0131. S\u00f6zlerini s\u00fcrd\u00fcren K\u0131rkar, \u015funlar\u0131 kaydetti: &#8220;Kat\u0131l\u0131mc\u0131lar, sahne teknikleri ve tiyatro sanatlar\u0131n\u0131n farkl\u0131 boyutlar\u0131na dair deneyimlerini payla\u015ft\u0131. Etkinlik, oyuncular\u0131n birlikte sahne \u00fczerinde e\u015fit ve uyumlu bir \u00e7al\u0131\u015fma ger\u00e7ekle\u015ftirmelerini sa\u011flamak amac\u0131yla pratikler ve teknik al\u0131\u015ft\u0131rmalarla zenginle\u015ftirildi. G\u00f6rme engelli kat\u0131l\u0131mc\u0131lar, tiyatro sahnelerinde daha fazla yer alabilmenin kar\u015f\u0131s\u0131nda d\u00fc\u015f\u00fcn\u00fclenin aksine, asl\u0131nda fazla bir engelin olmad\u0131\u011f\u0131n\u0131n fark\u0131na vard\u0131lar.&#8221;<\/p>\n<p>&#8220;Engel, engeli tan\u0131mlayanlar\u0131n bak\u0131\u015f\u0131ndad\u0131r&#8221;<br \/>\n<br \/>CEIPES T\u00fcrkiye\u2019nin d\u00fczenledi\u011fi etkinli\u011fin, tiyatroda daha fazla engelli bireyin yer almas\u0131 ve toplumsal hayatta daha geni\u015f bir sosyal kat\u0131l\u0131m sa\u011flamas\u0131 ad\u0131na b\u00fcy\u00fck bir \u00f6nem ta\u015f\u0131d\u0131\u011f\u0131n\u0131 kaydeden K\u0131rkar, &#8220;Theavios projesi ile g\u00f6rme engelli bireylerin sanat ve k\u00fclt\u00fcr alanlar\u0131nda e\u015fit \u015fart ve f\u0131rsatlara sahip olduklar\u0131 takdirde ba\u015fka bir engelin s\u00f6z konusu olmad\u0131\u011f\u0131n\u0131 vurguluyor. Genelde sanat \u00f6zelde tiyatro herkes i\u00e7indir. G\u00f6rme engelli olsun veya olmas\u0131n her birey sahnede kendine dair ve insanl\u0131\u011fa dair durumlar\u0131 estetik olarak ifade etmekte benzer imkanlara sahiptir. Engel, engeli tan\u0131mlayanlar\u0131n bak\u0131\u015f\u0131ndad\u0131r&#8221; a\u00e7\u0131klamalar\u0131na yer verdi.<br \/>\n<br \/>G\u00f6rme engelli oyuncular\u0131n tiyatro sahnelerinde daha fazla temsil edilmesi gerekti\u011fini vurgulayan CEIPES T\u00fcrkiye y\u00f6neticileri, projenin ilerleyen d\u00f6nemlerinde de \u00e7e\u015fitli etkinliklerle bu alandaki \u00e7al\u0131\u015fmalar\u0131na devam etmeyi planlad\u0131klar\u0131n\u0131 s\u00f6ylediler.<br \/><\/p>\n","protected":false},"excerpt":{"rendered":"<p>E\u011fitim ve Kalk\u0131nman\u0131n Yayg\u0131nla\u015ft\u0131r\u0131lmas\u0131 i\u00e7in Uluslararas\u0131 Merkez Derne\u011fi (CEIPES T\u00fcrkiye) taraf\u0131ndan y\u00fcr\u00fct\u00fclen \u2018Erasmus+ projesi Theavios\u2019 kapsam\u0131nda, 8-9 \u015eubat tarihlerinde at\u00f6lye \u00e7al\u0131\u015fmas\u0131 ger\u00e7ekle\u015ftirildi. Ortado\u011fu Engelsiz E\u011fitim Derne\u011finin ev sahipli\u011finde Ankara\u2019da d\u00fczenlenen etkinlikte, g\u00f6rme engelli oyuncular\u0131n tiyatro sahnelerinde daha fazla yer almas\u0131n\u0131 sa\u011flamak amac\u0131yla geli\u015ftirilmi\u015f baz\u0131 drama tekniklerinin \u00f6n denemeleri yap\u0131ld\u0131. &#8220;Toplumsal kalk\u0131nmaya katk\u0131 sa\u011flamaya devam edece\u011fiz&#8221;&#8230;<\/p>\n","protected":false},"author":1,"featured_media":19506,"comment_status":"open","ping_status":"open","sticky":false,"template":"","format":"standard","meta":{"_crdt_document":"","footnotes":""},"categories":[1],"tags":[],"class_list":["post-19505","post","type-post","status-publish","format-standard","has-post-thumbnail","hentry","category-guncel"],"_links":{"self":[{"href":"https:\/\/www.egemtv.com\/index.php?rest_route=\/wp\/v2\/posts\/19505","targetHints":{"allow":["GET"]}}],"collection":[{"href":"https:\/\/www.egemtv.com\/index.php?rest_route=\/wp\/v2\/posts"}],"about":[{"href":"https:\/\/www.egemtv.com\/index.php?rest_route=\/wp\/v2\/types\/post"}],"author":[{"embeddable":true,"href":"https:\/\/www.egemtv.com\/index.php?rest_route=\/wp\/v2\/users\/1"}],"replies":[{"embeddable":true,"href":"https:\/\/www.egemtv.com\/index.php?rest_route=%2Fwp%2Fv2%2Fcomments&post=19505"}],"version-history":[{"count":1,"href":"https:\/\/www.egemtv.com\/index.php?rest_route=\/wp\/v2\/posts\/19505\/revisions"}],"predecessor-version":[{"id":19507,"href":"https:\/\/www.egemtv.com\/index.php?rest_route=\/wp\/v2\/posts\/19505\/revisions\/19507"}],"wp:featuredmedia":[{"embeddable":true,"href":"https:\/\/www.egemtv.com\/index.php?rest_route=\/wp\/v2\/media\/19506"}],"wp:attachment":[{"href":"https:\/\/www.egemtv.com\/index.php?rest_route=%2Fwp%2Fv2%2Fmedia&parent=19505"}],"wp:term":[{"taxonomy":"category","embeddable":true,"href":"https:\/\/www.egemtv.com\/index.php?rest_route=%2Fwp%2Fv2%2Fcategories&post=19505"},{"taxonomy":"post_tag","embeddable":true,"href":"https:\/\/www.egemtv.com\/index.php?rest_route=%2Fwp%2Fv2%2Ftags&post=19505"}],"curies":[{"name":"wp","href":"https:\/\/api.w.org\/{rel}","templated":true}]}}