{"id":19502,"date":"2025-02-17T10:32:32","date_gmt":"2025-02-17T07:32:32","guid":{"rendered":"https:\/\/www.egemtv.com\/?p=19502"},"modified":"2025-02-17T10:32:37","modified_gmt":"2025-02-17T07:32:37","slug":"burdurda-binadaki-baca-yangini-sonduruldu","status":"publish","type":"post","link":"https:\/\/www.egemtv.com\/?p=19502","title":{"rendered":"Burdur\u2019da binadaki baca yang\u0131n\u0131 s\u00f6nd\u00fcr\u00fcld\u00fc"},"content":{"rendered":"<p>Burdur\u2019da 4 katl\u0131 binada \u00e7\u0131kan baca yang\u0131n\u0131 itfaiye ekiplerinin h\u0131zl\u0131 m\u00fcdahalesiyle b\u00fcy\u00fcmeden s\u00f6nd\u00fcr\u00fcld\u00fc.<br \/>\n<br \/>Yang\u0131n, saat 08.30 s\u0131ralar\u0131nda merkez \u0130n\u00f6n\u00fc Mahallesi \u00c7ift\u00e7i Sokak \u00fczerindeki 4 katl\u0131 binada meydana geldi. Edinilen bilgilere g\u00f6re, kalorifer sistemiyle \u0131s\u0131nan binan\u0131n bacas\u0131ndaki kurumlar\u0131n tutu\u015fmas\u0131 sonucu yang\u0131n \u00e7\u0131kt\u0131. \u00c7evredekiler dumanlar\u0131 fark edip 112 Acil \u00c7a\u011fr\u0131 Merkezini arad\u0131. Olay yerine itfaiye ve polis ekipleri sevk edildi. B\u00f6lgeye gelen polis ekipleri \u00e7evrede g\u00fcvenlik \u00f6nlemi al\u0131rken itfaiye ekipleri \u00e7at\u0131ya \u00e7\u0131karak yang\u0131na m\u00fcdahale etti. Yang\u0131n s\u00f6nd\u00fcrme t\u00fcpleri ve su ile m\u00fcdahale edilen yang\u0131n k\u0131sa s\u00fcrede s\u00f6nd\u00fcr\u00fcld\u00fc.<br \/><\/p>\n","protected":false},"excerpt":{"rendered":"<p>Burdur\u2019da 4 katl\u0131 binada \u00e7\u0131kan baca yang\u0131n\u0131 itfaiye ekiplerinin h\u0131zl\u0131 m\u00fcdahalesiyle b\u00fcy\u00fcmeden s\u00f6nd\u00fcr\u00fcld\u00fc. Yang\u0131n, saat 08.30 s\u0131ralar\u0131nda merkez \u0130n\u00f6n\u00fc Mahallesi \u00c7ift\u00e7i Sokak \u00fczerindeki 4 katl\u0131 binada meydana geldi. Edinilen bilgilere g\u00f6re, kalorifer sistemiyle \u0131s\u0131nan binan\u0131n bacas\u0131ndaki kurumlar\u0131n tutu\u015fmas\u0131 sonucu yang\u0131n \u00e7\u0131kt\u0131. \u00c7evredekiler dumanlar\u0131 fark edip 112 Acil \u00c7a\u011fr\u0131 Merkezini arad\u0131. Olay yerine itfaiye ve polis&#8230;<\/p>\n","protected":false},"author":1,"featured_media":19503,"comment_status":"open","ping_status":"open","sticky":false,"template":"","format":"standard","meta":{"_crdt_document":"","footnotes":""},"categories":[5],"tags":[],"class_list":["post-19502","post","type-post","status-publish","format-standard","has-post-thumbnail","hentry","category-asayis"],"_links":{"self":[{"href":"https:\/\/www.egemtv.com\/index.php?rest_route=\/wp\/v2\/posts\/19502","targetHints":{"allow":["GET"]}}],"collection":[{"href":"https:\/\/www.egemtv.com\/index.php?rest_route=\/wp\/v2\/posts"}],"about":[{"href":"https:\/\/www.egemtv.com\/index.php?rest_route=\/wp\/v2\/types\/post"}],"author":[{"embeddable":true,"href":"https:\/\/www.egemtv.com\/index.php?rest_route=\/wp\/v2\/users\/1"}],"replies":[{"embeddable":true,"href":"https:\/\/www.egemtv.com\/index.php?rest_route=%2Fwp%2Fv2%2Fcomments&post=19502"}],"version-history":[{"count":1,"href":"https:\/\/www.egemtv.com\/index.php?rest_route=\/wp\/v2\/posts\/19502\/revisions"}],"predecessor-version":[{"id":19504,"href":"https:\/\/www.egemtv.com\/index.php?rest_route=\/wp\/v2\/posts\/19502\/revisions\/19504"}],"wp:featuredmedia":[{"embeddable":true,"href":"https:\/\/www.egemtv.com\/index.php?rest_route=\/wp\/v2\/media\/19503"}],"wp:attachment":[{"href":"https:\/\/www.egemtv.com\/index.php?rest_route=%2Fwp%2Fv2%2Fmedia&parent=19502"}],"wp:term":[{"taxonomy":"category","embeddable":true,"href":"https:\/\/www.egemtv.com\/index.php?rest_route=%2Fwp%2Fv2%2Fcategories&post=19502"},{"taxonomy":"post_tag","embeddable":true,"href":"https:\/\/www.egemtv.com\/index.php?rest_route=%2Fwp%2Fv2%2Ftags&post=19502"}],"curies":[{"name":"wp","href":"https:\/\/api.w.org\/{rel}","templated":true}]}}