{"id":19499,"date":"2025-02-17T10:29:06","date_gmt":"2025-02-17T07:29:06","guid":{"rendered":"https:\/\/www.egemtv.com\/?p=19499"},"modified":"2025-02-17T10:29:07","modified_gmt":"2025-02-17T07:29:07","slug":"kasten-yaralama-sucundan-aranan-sahis-tutuklandi","status":"publish","type":"post","link":"https:\/\/www.egemtv.com\/?p=19499","title":{"rendered":"Kasten yaralama su\u00e7undan aranan \u015fah\u0131s tutukland\u0131"},"content":{"rendered":"<p>\u0130zmir\u2019de aranan \u015fah\u0131slara y\u00f6nelik yap\u0131lan \u00e7al\u0131\u015fmalarda hakk\u0131nda 11 y\u0131l 4 ay kesinle\u015fmi\u015f hapis cezas\u0131 bulunan bir h\u00fck\u00fcml\u00fc yakaland\u0131.<br \/>\n<br \/>Asayi\u015f \u015eube M\u00fcd\u00fcrl\u00fc\u011f\u00fc G\u00fcven Timleri B\u00fcro Amirli\u011fi ekiplerince Gaziemir il\u00e7esinde aranan \u015fah\u0131slara y\u00f6nelik \u00e7al\u0131\u015fma ger\u00e7ekle\u015ftirildi. Durumundan \u015f\u00fcphelendikleri A.K.\u2019nin yap\u0131lan sorgusunda, kasten yaralama ve birden fazla ki\u015fi taraf\u0131ndan birlikte silahla tehdit su\u00e7lar\u0131ndan 11 y\u0131l 4 ay kesinle\u015fmi\u015f hapis cezas\u0131yla arand\u0131\u011f\u0131 tespit edildi. G\u00f6zalt\u0131na al\u0131nan \u015fah\u0131s adli mercilerce tutuklanarak cezaevine g\u00f6nderildi.<br \/><\/p>\n","protected":false},"excerpt":{"rendered":"<p>\u0130zmir\u2019de aranan \u015fah\u0131slara y\u00f6nelik yap\u0131lan \u00e7al\u0131\u015fmalarda hakk\u0131nda 11 y\u0131l 4 ay kesinle\u015fmi\u015f hapis cezas\u0131 bulunan bir h\u00fck\u00fcml\u00fc yakaland\u0131. Asayi\u015f \u015eube M\u00fcd\u00fcrl\u00fc\u011f\u00fc G\u00fcven Timleri B\u00fcro Amirli\u011fi ekiplerince Gaziemir il\u00e7esinde aranan \u015fah\u0131slara y\u00f6nelik \u00e7al\u0131\u015fma ger\u00e7ekle\u015ftirildi. Durumundan \u015f\u00fcphelendikleri A.K.\u2019nin yap\u0131lan sorgusunda, kasten yaralama ve birden fazla ki\u015fi taraf\u0131ndan birlikte silahla tehdit su\u00e7lar\u0131ndan 11 y\u0131l 4 ay kesinle\u015fmi\u015f hapis&#8230;<\/p>\n","protected":false},"author":1,"featured_media":19500,"comment_status":"open","ping_status":"open","sticky":false,"template":"","format":"standard","meta":{"_crdt_document":"","footnotes":""},"categories":[5],"tags":[],"class_list":["post-19499","post","type-post","status-publish","format-standard","has-post-thumbnail","hentry","category-asayis"],"_links":{"self":[{"href":"https:\/\/www.egemtv.com\/index.php?rest_route=\/wp\/v2\/posts\/19499","targetHints":{"allow":["GET"]}}],"collection":[{"href":"https:\/\/www.egemtv.com\/index.php?rest_route=\/wp\/v2\/posts"}],"about":[{"href":"https:\/\/www.egemtv.com\/index.php?rest_route=\/wp\/v2\/types\/post"}],"author":[{"embeddable":true,"href":"https:\/\/www.egemtv.com\/index.php?rest_route=\/wp\/v2\/users\/1"}],"replies":[{"embeddable":true,"href":"https:\/\/www.egemtv.com\/index.php?rest_route=%2Fwp%2Fv2%2Fcomments&post=19499"}],"version-history":[{"count":1,"href":"https:\/\/www.egemtv.com\/index.php?rest_route=\/wp\/v2\/posts\/19499\/revisions"}],"predecessor-version":[{"id":19501,"href":"https:\/\/www.egemtv.com\/index.php?rest_route=\/wp\/v2\/posts\/19499\/revisions\/19501"}],"wp:featuredmedia":[{"embeddable":true,"href":"https:\/\/www.egemtv.com\/index.php?rest_route=\/wp\/v2\/media\/19500"}],"wp:attachment":[{"href":"https:\/\/www.egemtv.com\/index.php?rest_route=%2Fwp%2Fv2%2Fmedia&parent=19499"}],"wp:term":[{"taxonomy":"category","embeddable":true,"href":"https:\/\/www.egemtv.com\/index.php?rest_route=%2Fwp%2Fv2%2Fcategories&post=19499"},{"taxonomy":"post_tag","embeddable":true,"href":"https:\/\/www.egemtv.com\/index.php?rest_route=%2Fwp%2Fv2%2Ftags&post=19499"}],"curies":[{"name":"wp","href":"https:\/\/api.w.org\/{rel}","templated":true}]}}