{"id":19496,"date":"2025-02-17T10:28:48","date_gmt":"2025-02-17T07:28:48","guid":{"rendered":"https:\/\/www.egemtv.com\/?p=19496"},"modified":"2025-02-17T10:28:53","modified_gmt":"2025-02-17T07:28:53","slug":"nazilli-belediyesi-sevindiklide-yollari-yeniliyor","status":"publish","type":"post","link":"https:\/\/www.egemtv.com\/?p=19496","title":{"rendered":"Nazilli Belediyesi Sevindikli\u2019de yollar\u0131 yeniliyor"},"content":{"rendered":"<p>Nazilli Belediyesi Fen \u0130\u015fleri M\u00fcd\u00fcrl\u00fc\u011f\u00fc ekipleri Sevindikli Mahallesi\u2019nde ba\u015flat\u0131lan yol yap\u0131m \u00e7al\u0131\u015fmalar\u0131nda sona yakla\u015ft\u0131.<\/p>\n<p>\u0130l\u00e7e genelinde yol yap\u0131m \u00e7al\u0131\u015fmalar\u0131na h\u0131z veren Nazilli Belediyesi, ihtiya\u00e7 ivedili\u011fi do\u011frultusunda yenileme, bak\u0131m, onar\u0131m ve yeni yol a\u00e7ma \u00e7al\u0131\u015fmalar\u0131na devam ediyor.<\/p>\n<p>Nazilli Belediyesi\u2019nin \u00e7al\u0131\u015fmalar\u0131 sayesinde Sevindikli\u2019de halk\u0131n rahat bir \u015fekilde soka\u011fa \u00e7\u0131kt\u0131\u011f\u0131n\u0131 dile getiren Mahalle Muhtar\u0131 Mustafa Selek, &#8220;Nazilli Belediyemizden talep etti\u011fimiz yol \u00e7al\u0131\u015fmalar\u0131m\u0131z\u0131n b\u00fcy\u00fck k\u0131sm\u0131 tamamland\u0131. Mahallemizin i\u00e7 k\u0131sm\u0131nda \u00e7ok k\u00fc\u00e7\u00fck bir yolumuzun yap\u0131m\u0131 devam ediyor. Vatanda\u015flar\u0131m\u0131z\u0131n rahat\u0131 i\u00e7in Nazilli Belediyemiz gereken \u00e7al\u0131\u015fmalar\u0131 yap\u0131yor. Belediyemiz sayesinde vatanda\u015flar\u0131m\u0131z\u0131n rahat\u00e7a evine ula\u015fmas\u0131n\u0131 sa\u011flad\u0131k. Bizlere bu hizmetleri sa\u011flayan Nazilli Belediye Ba\u015fkan\u0131m\u0131z Ertu\u011frul Tetik ve ekibine \u00e7ok te\u015fekk\u00fcr ederiz&#8221; dedi.<\/p>\n<p>2025\u2019in yol ve sosyal belediyecilik y\u0131l\u0131 olaca\u011f\u0131n\u0131 s\u0131k s\u0131k ifade eden Belediye Ba\u015fkan\u0131 Dr. Ertu\u011frul Tetik, bu do\u011frultuda \u00e7al\u0131\u015fmalar yaparak \u015fehrin uzun y\u0131llard\u0131r s\u00fcregelen ula\u015f\u0131m sorununu en aza indirecek hizmetlere imza atamaya devam ediyor.<br \/><\/p>\n","protected":false},"excerpt":{"rendered":"<p>Nazilli Belediyesi Fen \u0130\u015fleri M\u00fcd\u00fcrl\u00fc\u011f\u00fc ekipleri Sevindikli Mahallesi\u2019nde ba\u015flat\u0131lan yol yap\u0131m \u00e7al\u0131\u015fmalar\u0131nda sona yakla\u015ft\u0131. \u0130l\u00e7e genelinde yol yap\u0131m \u00e7al\u0131\u015fmalar\u0131na h\u0131z veren Nazilli Belediyesi, ihtiya\u00e7 ivedili\u011fi do\u011frultusunda yenileme, bak\u0131m, onar\u0131m ve yeni yol a\u00e7ma \u00e7al\u0131\u015fmalar\u0131na devam ediyor. Nazilli Belediyesi\u2019nin \u00e7al\u0131\u015fmalar\u0131 sayesinde Sevindikli\u2019de halk\u0131n rahat bir \u015fekilde soka\u011fa \u00e7\u0131kt\u0131\u011f\u0131n\u0131 dile getiren Mahalle Muhtar\u0131 Mustafa Selek, &#8220;Nazilli Belediyemizden&#8230;<\/p>\n","protected":false},"author":1,"featured_media":19497,"comment_status":"open","ping_status":"open","sticky":false,"template":"","format":"standard","meta":{"_crdt_document":"","footnotes":""},"categories":[1],"tags":[],"class_list":["post-19496","post","type-post","status-publish","format-standard","has-post-thumbnail","hentry","category-guncel"],"_links":{"self":[{"href":"https:\/\/www.egemtv.com\/index.php?rest_route=\/wp\/v2\/posts\/19496","targetHints":{"allow":["GET"]}}],"collection":[{"href":"https:\/\/www.egemtv.com\/index.php?rest_route=\/wp\/v2\/posts"}],"about":[{"href":"https:\/\/www.egemtv.com\/index.php?rest_route=\/wp\/v2\/types\/post"}],"author":[{"embeddable":true,"href":"https:\/\/www.egemtv.com\/index.php?rest_route=\/wp\/v2\/users\/1"}],"replies":[{"embeddable":true,"href":"https:\/\/www.egemtv.com\/index.php?rest_route=%2Fwp%2Fv2%2Fcomments&post=19496"}],"version-history":[{"count":1,"href":"https:\/\/www.egemtv.com\/index.php?rest_route=\/wp\/v2\/posts\/19496\/revisions"}],"predecessor-version":[{"id":19498,"href":"https:\/\/www.egemtv.com\/index.php?rest_route=\/wp\/v2\/posts\/19496\/revisions\/19498"}],"wp:featuredmedia":[{"embeddable":true,"href":"https:\/\/www.egemtv.com\/index.php?rest_route=\/wp\/v2\/media\/19497"}],"wp:attachment":[{"href":"https:\/\/www.egemtv.com\/index.php?rest_route=%2Fwp%2Fv2%2Fmedia&parent=19496"}],"wp:term":[{"taxonomy":"category","embeddable":true,"href":"https:\/\/www.egemtv.com\/index.php?rest_route=%2Fwp%2Fv2%2Fcategories&post=19496"},{"taxonomy":"post_tag","embeddable":true,"href":"https:\/\/www.egemtv.com\/index.php?rest_route=%2Fwp%2Fv2%2Ftags&post=19496"}],"curies":[{"name":"wp","href":"https:\/\/api.w.org\/{rel}","templated":true}]}}