{"id":19493,"date":"2025-02-17T10:19:55","date_gmt":"2025-02-17T07:19:55","guid":{"rendered":"https:\/\/www.egemtv.com\/?p=19493"},"modified":"2025-02-17T10:20:00","modified_gmt":"2025-02-17T07:20:00","slug":"kutso-mtal-kros-takimi-turkiye-finalinde","status":"publish","type":"post","link":"https:\/\/www.egemtv.com\/?p=19493","title":{"rendered":"KUTSO MTAL kros tak\u0131m\u0131 T\u00fcrkiye finalinde"},"content":{"rendered":"<p>K\u00fctahya\u2019y\u0131 temsilen Ayd\u0131n Ku\u015fadas\u0131\u2019nda d\u00fczenlenen b\u00f6lge yar\u0131\u015fmas\u0131na kat\u0131lan K\u00fctahya Ticaret ve Sanayi Odas\u0131 (KUTSO)  Mesleki ve Teknik Anadolu Lisesi kros tak\u0131m\u0131, 15 okul aras\u0131ndan grup ikincisi olarak b\u00fcy\u00fck bir ba\u015far\u0131 elde etti.<br \/>\n<br \/>Konuyla ilgili KUTSO MTAL\u2019den yap\u0131lan a\u00e7\u0131klamada,&#8221; Kros tak\u0131m\u0131m\u0131z\u0131n ba\u015far\u0131s\u0131nda eme\u011fi ge\u00e7en idarecilerimize, t\u00fcm \u00f6\u011fretmenlerimize ve \u00f6zellikle beden e\u011fitimi \u00f6\u011fretmenimiz ile antren\u00f6r\u00fcm\u00fcze te\u015fekk\u00fcr ederiz. \u00d6\u011frencilerimizi tebrik ediyor, T\u00fcrkiye finalinde ba\u015far\u0131lar diliyoruz&#8221; ifadelerine yer verildi.<br \/><\/p>\n","protected":false},"excerpt":{"rendered":"<p>K\u00fctahya\u2019y\u0131 temsilen Ayd\u0131n Ku\u015fadas\u0131\u2019nda d\u00fczenlenen b\u00f6lge yar\u0131\u015fmas\u0131na kat\u0131lan K\u00fctahya Ticaret ve Sanayi Odas\u0131 (KUTSO) Mesleki ve Teknik Anadolu Lisesi kros tak\u0131m\u0131, 15 okul aras\u0131ndan grup ikincisi olarak b\u00fcy\u00fck bir ba\u015far\u0131 elde etti. Konuyla ilgili KUTSO MTAL\u2019den yap\u0131lan a\u00e7\u0131klamada,&#8221; Kros tak\u0131m\u0131m\u0131z\u0131n ba\u015far\u0131s\u0131nda eme\u011fi ge\u00e7en idarecilerimize, t\u00fcm \u00f6\u011fretmenlerimize ve \u00f6zellikle beden e\u011fitimi \u00f6\u011fretmenimiz ile antren\u00f6r\u00fcm\u00fcze te\u015fekk\u00fcr ederiz&#8230;.<\/p>\n","protected":false},"author":1,"featured_media":19494,"comment_status":"open","ping_status":"open","sticky":false,"template":"","format":"standard","meta":{"_crdt_document":"","footnotes":""},"categories":[4],"tags":[],"class_list":["post-19493","post","type-post","status-publish","format-standard","has-post-thumbnail","hentry","category-spor"],"_links":{"self":[{"href":"https:\/\/www.egemtv.com\/index.php?rest_route=\/wp\/v2\/posts\/19493","targetHints":{"allow":["GET"]}}],"collection":[{"href":"https:\/\/www.egemtv.com\/index.php?rest_route=\/wp\/v2\/posts"}],"about":[{"href":"https:\/\/www.egemtv.com\/index.php?rest_route=\/wp\/v2\/types\/post"}],"author":[{"embeddable":true,"href":"https:\/\/www.egemtv.com\/index.php?rest_route=\/wp\/v2\/users\/1"}],"replies":[{"embeddable":true,"href":"https:\/\/www.egemtv.com\/index.php?rest_route=%2Fwp%2Fv2%2Fcomments&post=19493"}],"version-history":[{"count":1,"href":"https:\/\/www.egemtv.com\/index.php?rest_route=\/wp\/v2\/posts\/19493\/revisions"}],"predecessor-version":[{"id":19495,"href":"https:\/\/www.egemtv.com\/index.php?rest_route=\/wp\/v2\/posts\/19493\/revisions\/19495"}],"wp:featuredmedia":[{"embeddable":true,"href":"https:\/\/www.egemtv.com\/index.php?rest_route=\/wp\/v2\/media\/19494"}],"wp:attachment":[{"href":"https:\/\/www.egemtv.com\/index.php?rest_route=%2Fwp%2Fv2%2Fmedia&parent=19493"}],"wp:term":[{"taxonomy":"category","embeddable":true,"href":"https:\/\/www.egemtv.com\/index.php?rest_route=%2Fwp%2Fv2%2Fcategories&post=19493"},{"taxonomy":"post_tag","embeddable":true,"href":"https:\/\/www.egemtv.com\/index.php?rest_route=%2Fwp%2Fv2%2Ftags&post=19493"}],"curies":[{"name":"wp","href":"https:\/\/api.w.org\/{rel}","templated":true}]}}