{"id":19487,"date":"2025-02-17T10:13:16","date_gmt":"2025-02-17T07:13:16","guid":{"rendered":"https:\/\/www.egemtv.com\/?p=19487"},"modified":"2025-02-17T10:13:20","modified_gmt":"2025-02-17T07:13:20","slug":"nazillide-bagimlilikla-mucadele-egitimi-duzenledi","status":"publish","type":"post","link":"https:\/\/www.egemtv.com\/?p=19487","title":{"rendered":"Nazilli\u2019de \u2019Ba\u011f\u0131ml\u0131l\u0131kla M\u00fccadele E\u011fitimi\u2019 d\u00fczenledi"},"content":{"rendered":"<p>Ayd\u0131n\u2019\u0131n Nazilli il\u00e7esinde Menderes Anadolu Lisesi \u00f6\u011frenci ve \u00f6\u011fretmenlerine y\u00f6nelik \u2019Ba\u011f\u0131ml\u0131ktan Korunma\u2019 e\u011fitimi verildi.<\/p>\n<p>Nazilli \u0130l\u00e7e Sa\u011fl\u0131k M\u00fcd\u00fcrl\u00fc\u011f\u00fc Hekimlerinden Dr. Serenay Konay, Menderes Anadolu Lisesi \u00f6\u011frenci ve \u00f6\u011fretmenlerine \u2019Ba\u011f\u0131ml\u0131l\u0131ktan Korunma\u2019 konusunda e\u011fitim verdi. \u00d6\u011frencilere sa\u011fl\u0131kl\u0131 ya\u015fam al\u0131\u015fkanl\u0131klar\u0131 kazand\u0131rmak ve ba\u011f\u0131ml\u0131l\u0131k yap\u0131c\u0131 maddelerden korunma yollar\u0131 hakk\u0131nda bilin\u00e7 olu\u015fturmak amac\u0131yla d\u00fczenlenen e\u011fitimde; ba\u011f\u0131ml\u0131l\u0131\u011f\u0131n zararlar\u0131, erken ya\u015flarda al\u0131nabilecek \u00f6nlemler ve ba\u011f\u0131ml\u0131l\u0131kla m\u00fccadelede bireysel sorumluluklar gibi konular ele al\u0131nd\u0131. Dr. Serenay Konay, ba\u011f\u0131ml\u0131l\u0131kla m\u00fccadelede toplumsal bilin\u00e7lenmenin \u00f6nemine dikkat \u00e7ekerek, \u00e7e\u015fitli \u00f6nerilerde bulundu. E\u011fitim sonunda \u00f6\u011frenciler ve \u00f6\u011fretmenler konuya dair sorular\u0131n\u0131 Konay\u2019a y\u00f6nelterek cevap ald\u0131.<br \/><\/p>\n","protected":false},"excerpt":{"rendered":"<p>Ayd\u0131n\u2019\u0131n Nazilli il\u00e7esinde Menderes Anadolu Lisesi \u00f6\u011frenci ve \u00f6\u011fretmenlerine y\u00f6nelik \u2019Ba\u011f\u0131ml\u0131ktan Korunma\u2019 e\u011fitimi verildi. Nazilli \u0130l\u00e7e Sa\u011fl\u0131k M\u00fcd\u00fcrl\u00fc\u011f\u00fc Hekimlerinden Dr. Serenay Konay, Menderes Anadolu Lisesi \u00f6\u011frenci ve \u00f6\u011fretmenlerine \u2019Ba\u011f\u0131ml\u0131l\u0131ktan Korunma\u2019 konusunda e\u011fitim verdi. \u00d6\u011frencilere sa\u011fl\u0131kl\u0131 ya\u015fam al\u0131\u015fkanl\u0131klar\u0131 kazand\u0131rmak ve ba\u011f\u0131ml\u0131l\u0131k yap\u0131c\u0131 maddelerden korunma yollar\u0131 hakk\u0131nda bilin\u00e7 olu\u015fturmak amac\u0131yla d\u00fczenlenen e\u011fitimde; ba\u011f\u0131ml\u0131l\u0131\u011f\u0131n zararlar\u0131, erken ya\u015flarda al\u0131nabilecek&#8230;<\/p>\n","protected":false},"author":1,"featured_media":19488,"comment_status":"open","ping_status":"open","sticky":false,"template":"","format":"standard","meta":{"_crdt_document":"","footnotes":""},"categories":[1],"tags":[],"class_list":["post-19487","post","type-post","status-publish","format-standard","has-post-thumbnail","hentry","category-guncel"],"_links":{"self":[{"href":"https:\/\/www.egemtv.com\/index.php?rest_route=\/wp\/v2\/posts\/19487","targetHints":{"allow":["GET"]}}],"collection":[{"href":"https:\/\/www.egemtv.com\/index.php?rest_route=\/wp\/v2\/posts"}],"about":[{"href":"https:\/\/www.egemtv.com\/index.php?rest_route=\/wp\/v2\/types\/post"}],"author":[{"embeddable":true,"href":"https:\/\/www.egemtv.com\/index.php?rest_route=\/wp\/v2\/users\/1"}],"replies":[{"embeddable":true,"href":"https:\/\/www.egemtv.com\/index.php?rest_route=%2Fwp%2Fv2%2Fcomments&post=19487"}],"version-history":[{"count":1,"href":"https:\/\/www.egemtv.com\/index.php?rest_route=\/wp\/v2\/posts\/19487\/revisions"}],"predecessor-version":[{"id":19489,"href":"https:\/\/www.egemtv.com\/index.php?rest_route=\/wp\/v2\/posts\/19487\/revisions\/19489"}],"wp:featuredmedia":[{"embeddable":true,"href":"https:\/\/www.egemtv.com\/index.php?rest_route=\/wp\/v2\/media\/19488"}],"wp:attachment":[{"href":"https:\/\/www.egemtv.com\/index.php?rest_route=%2Fwp%2Fv2%2Fmedia&parent=19487"}],"wp:term":[{"taxonomy":"category","embeddable":true,"href":"https:\/\/www.egemtv.com\/index.php?rest_route=%2Fwp%2Fv2%2Fcategories&post=19487"},{"taxonomy":"post_tag","embeddable":true,"href":"https:\/\/www.egemtv.com\/index.php?rest_route=%2Fwp%2Fv2%2Ftags&post=19487"}],"curies":[{"name":"wp","href":"https:\/\/api.w.org\/{rel}","templated":true}]}}