{"id":19481,"date":"2025-02-17T10:08:26","date_gmt":"2025-02-17T07:08:26","guid":{"rendered":"https:\/\/www.egemtv.com\/?p=19481"},"modified":"2025-02-17T10:08:32","modified_gmt":"2025-02-17T07:08:32","slug":"izmirin-parklari-yesil-donusumle-canlaniyor","status":"publish","type":"post","link":"https:\/\/www.egemtv.com\/?p=19481","title":{"rendered":"\u0130zmir\u2019in parklar\u0131 ye\u015fil d\u00f6n\u00fc\u015f\u00fcmle canlan\u0131yor"},"content":{"rendered":"<p>\u0130zmir B\u00fcy\u00fck\u015fehir Belediyesi, Ba\u015fkan Dr. Cemil Tugay\u2019\u0131n sa\u011fl\u0131kl\u0131 bir kent i\u00e7in ba\u015flatt\u0131\u011f\u0131 at\u0131k y\u00f6netimiyle kentin parklar\u0131ndan \u00e7\u0131kan ye\u015fil at\u0131klar\u0131 biyok\u00f6m\u00fcr ve komposta d\u00f6n\u00fc\u015ft\u00fcr\u00fcyor. Parklarda kimyasal yerine do\u011fal g\u00fcbreler kullan\u0131larak organik \u00e7e\u015fitlilik art\u0131r\u0131l\u0131rken, ayn\u0131 zamanda \u015fehrin karbon ayak izi de azalt\u0131l\u0131yor.<br \/>\n<br \/>\u0130zmir B\u00fcy\u00fck\u015fehir Belediyesi, Ba\u015fkan Dr. Cemil Tugay\u2019\u0131n se\u00e7im vaatleri aras\u0131nda yer alan Biyok\u00f6m\u00fcr Tesisi\u2019ni yeniden aktif hale getirdi. Park ve Bah\u00e7eler Dairesi Ba\u015fkanl\u0131\u011f\u0131, kentin ye\u015fil at\u0131klar\u0131n\u0131 d\u00f6n\u00fc\u015ft\u00fcrerek yeniden do\u011faya kazand\u0131rmak i\u00e7in Bornova\u2019daki yerle\u015fkesinde \u00e7al\u0131\u015fmalara ba\u015flad\u0131. Ekipler, \u0130zmir\u2019in parklar\u0131ndan \u00e7\u0131kan budama at\u0131klar\u0131, yaprak ve \u00e7im gibi ye\u015fil at\u0131klar ve at\u00f6lyelerden \u00e7\u0131kan tala\u015f at\u0131klar\u0131n\u0131 kompost \u00fcretim teknikleri ve Biyok\u00f6m\u00fcr Tesisini kullanarak do\u011fal g\u00fcbreye d\u00f6n\u00fc\u015ft\u00fcr\u00fcyor. Elde edilen biyok\u00f6m\u00fcr ve kompost, \u0130zmir B\u00fcy\u00fck\u015fehir Belediyesi\u2019nin ye\u015fil alanlar\u0131nda g\u00fcbre olarak bitkilere can verirken, ayn\u0131 zamanda karbon sal\u0131m\u0131n\u0131n da \u00f6n\u00fcne ge\u00e7ilmi\u015f oluyor.<\/p>\n<p>5 bin metrek\u00fcp \u00fcretim yeniden toprakla bulu\u015fuyor<br \/>\n<br \/>\u00c7al\u0131\u015fmalar hakk\u0131nda bilgi veren \u0130zmir B\u00fcy\u00fck\u015fehir Belediyesi Park ve Bah\u00e7eler Dairesi Ba\u015fkanl\u0131\u011f\u0131 Ziraat M\u00fchendisi Muzaffer Komutan, &#8220;Cemil Ba\u015fkan\u0131m\u0131z\u0131n \u00f6nderli\u011finde, Park ve Bah\u00e7eler Dairesi Ba\u015fkanl\u0131\u011f\u0131\u2019m\u0131z\u0131n MTK yerle\u015fkesinde kompost ve biyok\u00f6m\u00fcr tesislerimizde ye\u015fil alanlar\u0131m\u0131zdan gelen at\u0131klar\u0131, \u0130zmir Do\u011fal Ya\u015fam Park\u0131\u2019ndan getirdi\u011fimiz hayvan g\u00fcbreleriyle kar\u0131\u015ft\u0131r\u0131p, olgunla\u015ft\u0131r\u0131p g\u00fcbre elde ediyoruz. Biyok\u00f6m\u00fcr tesisimizde ise at\u00f6lyeden getirdi\u011fimiz tala\u015f malzemelerini ve patoz makinesinden \u00e7\u0131kard\u0131\u011f\u0131m\u0131z budak art\u0131klar\u0131n\u0131 biyok\u00f6m\u00fcr makinesinde yakarak inorganik madde olarak bitki k\u00f6m\u00fcr\u00fc elde ediyoruz. Sonu\u00e7 olarak elde etti\u011fimiz organik ve inorganik maddeleri 5 bin metrek\u00fcpe yak\u0131n hacimle tekrar ye\u015fil alanlar\u0131m\u0131zda topraklar\u0131m\u0131z\u0131n yap\u0131s\u0131n\u0131 iyile\u015ftirmek i\u00e7in kullan\u0131yoruz. B\u00f6ylelikle bir geri kazan\u0131m sa\u011flam\u0131\u015f oluyoruz&#8221; \u015feklinde konu\u015ftu.<\/p>\n<p>&#8220;Parklar\u0131n organik yap\u0131s\u0131n\u0131n art\u0131r\u0131lmas\u0131 i\u00e7in \u00e7ok \u00f6nemli bir geli\u015fim&#8221;<br \/>\n<br \/>\u00c7al\u0131\u015fmalar\u0131n \u0130zmir\u2019in ye\u015fil alanlar\u0131n\u0131n geli\u015fmesinde b\u00fcy\u00fck bir \u00f6neme sahip oldu\u011funu ifade eden Muzaffer Komutan, &#8220;Daha \u00f6nce \u00e7al\u0131\u015fmalar\u0131m\u0131z duraklam\u0131\u015ft\u0131, Cemil Ba\u015fkan\u0131m\u0131z\u0131n talimat\u0131yla yeniden aktif hale getirdik. \u015eu an her iki tesis de i\u015fler durumda hizmet veriyor. Biyok\u00f6m\u00fcr tesisinde y\u0131lda 60 ton bitki k\u00f6m\u00fcr\u00fc elde etmeyi hedefliyoruz. Kompost \u00fcretiminden de 4 bin metrek\u00fcp kompost malzemesi elde etmeyi hedefliyoruz.  Ye\u015fil alanlar\u0131m\u0131za verdi\u011fimiz organik ve inorganik maddelerle, makro ve mikro elementlerle ye\u015fil alanlar\u0131n kalitesi g\u00f6zle g\u00f6r\u00fcl\u00fcr \u015fekilde artacak. Daha \u00f6nce hayvan g\u00fcbresi ve kimyasal maddelerle ye\u015fil alanlara takviye yap\u0131l\u0131yordu. Bu, tamamen do\u011fal \u015fekilde, hem ye\u015fil alanlardaki at\u0131klar\u0131n geri d\u00f6n\u00fc\u015f\u00fcm\u00fc ve kazan\u0131m\u0131 hem de parklar\u0131m\u0131z\u0131n organik yap\u0131s\u0131n\u0131n art\u0131r\u0131lmas\u0131 i\u00e7in \u00e7ok \u00f6nemli bir geli\u015fim&#8221; dedi.<\/p>\n<p>Karbon oran\u0131 y\u00fcksek \u00fcr\u00fcnler elde ediliyor<br \/>\n<br \/>Park ve Bah\u00e7eler Dairesi\u2019nin yeniden hayata d\u00f6nd\u00fcrd\u00fc\u011f\u00fc biyok\u00f6m\u00fcr tesisinin sorumlusu Bilal Kaya kapasitesi art\u0131r\u0131lan, \u00fcretimi h\u0131zland\u0131r\u0131lan tesiste \u00f6ncelikle bitkisel at\u0131klardan biyok\u00f6m\u00fcr \u00fcretildi\u011fini s\u00f6yledi. Normalde organik at\u0131klar\u0131n \u00e7\u00fcr\u00fcrken atmosfere karbondioksit ve su sald\u0131\u011f\u0131n\u0131 belirten Kaya, &#8220;Bu faaliyetle do\u011faya karbondioksit sal\u0131m\u0131n\u0131 azalt\u0131yoruz. At\u0131klar\u0131n karbondioksit emisyonunu azaltarak karbon ayak izimizi azaltma vizyonuna katk\u0131 sa\u011flam\u0131\u015f oluyoruz. \u00c7\u00fcnk\u00fc karbonu malzemenin i\u00e7ine hapsetmi\u015f oluyoruz. Buradan \u00e7\u0131kan \u00fcr\u00fcnleri tekrar topra\u011fa g\u00f6md\u00fc\u011f\u00fcm\u00fcz zaman atmosfere sal\u0131nacak karbondioksit tekrar topra\u011f\u0131n i\u00e7inde kalm\u0131\u015f oluyor&#8221; ifadelerini kulland\u0131.<\/p>\n<p>Topra\u011f\u0131n su ve minerallerini tutuyor<br \/>\n<br \/>Biyok\u00f6m\u00fcr\u00fcn d\u00fcnyada da yayg\u0131nla\u015ft\u0131\u011f\u0131n\u0131 belirten Kaya, &#8220;Biyok\u00f6m\u00fcr\u00fcn esas \u00f6zelli\u011fi karbonu hapsetmesiyle beraber y\u00fczey alan\u0131n\u0131n \u00e7ok geni\u015f olmas\u0131. 1 gram biyok\u00f6m\u00fcr\u00fcn y\u00fczey alan\u0131 60 &#8211; 70 metrekarelere \u00e7\u0131kabiliyor. 1 gram malzemenin bu kadar y\u00fczey alan\u0131na sahip olmas\u0131, toprakta mikroorganizma ya\u015fam\u0131na katk\u0131 sa\u011fl\u0131yor. Toprak canl\u0131lar\u0131, toprakta ya\u015fam alan\u0131 buluyor. Topra\u011f\u0131n i\u015flemesini kolayla\u015ft\u0131r\u0131yor, su tutmas\u0131n\u0131 sa\u011fl\u0131yor. Ya\u011fmurlarda toprak y\u0131kanmaya maruz kal\u0131r. Y\u0131kanmayla topra\u011f\u0131 besleyen elementler suyla beraber kaybolurlar. Biyok\u00f6m\u00fcr bu elementleri tutarak topra\u011f\u0131n y\u0131kanmas\u0131n\u0131 engelliyor. Bu sayede de toprakta g\u00fcbre uygulamas\u0131 azalt\u0131l\u0131yor&#8221; \u015feklinde konu\u015ftu.<br \/><\/p>\n","protected":false},"excerpt":{"rendered":"<p>\u0130zmir B\u00fcy\u00fck\u015fehir Belediyesi, Ba\u015fkan Dr. Cemil Tugay\u2019\u0131n sa\u011fl\u0131kl\u0131 bir kent i\u00e7in ba\u015flatt\u0131\u011f\u0131 at\u0131k y\u00f6netimiyle kentin parklar\u0131ndan \u00e7\u0131kan ye\u015fil at\u0131klar\u0131 biyok\u00f6m\u00fcr ve komposta d\u00f6n\u00fc\u015ft\u00fcr\u00fcyor. Parklarda kimyasal yerine do\u011fal g\u00fcbreler kullan\u0131larak organik \u00e7e\u015fitlilik art\u0131r\u0131l\u0131rken, ayn\u0131 zamanda \u015fehrin karbon ayak izi de azalt\u0131l\u0131yor. \u0130zmir B\u00fcy\u00fck\u015fehir Belediyesi, Ba\u015fkan Dr. Cemil Tugay\u2019\u0131n se\u00e7im vaatleri aras\u0131nda yer alan Biyok\u00f6m\u00fcr Tesisi\u2019ni yeniden&#8230;<\/p>\n","protected":false},"author":1,"featured_media":19482,"comment_status":"open","ping_status":"open","sticky":false,"template":"","format":"standard","meta":{"_crdt_document":"","footnotes":""},"categories":[1],"tags":[],"class_list":["post-19481","post","type-post","status-publish","format-standard","has-post-thumbnail","hentry","category-guncel"],"_links":{"self":[{"href":"https:\/\/www.egemtv.com\/index.php?rest_route=\/wp\/v2\/posts\/19481","targetHints":{"allow":["GET"]}}],"collection":[{"href":"https:\/\/www.egemtv.com\/index.php?rest_route=\/wp\/v2\/posts"}],"about":[{"href":"https:\/\/www.egemtv.com\/index.php?rest_route=\/wp\/v2\/types\/post"}],"author":[{"embeddable":true,"href":"https:\/\/www.egemtv.com\/index.php?rest_route=\/wp\/v2\/users\/1"}],"replies":[{"embeddable":true,"href":"https:\/\/www.egemtv.com\/index.php?rest_route=%2Fwp%2Fv2%2Fcomments&post=19481"}],"version-history":[{"count":1,"href":"https:\/\/www.egemtv.com\/index.php?rest_route=\/wp\/v2\/posts\/19481\/revisions"}],"predecessor-version":[{"id":19483,"href":"https:\/\/www.egemtv.com\/index.php?rest_route=\/wp\/v2\/posts\/19481\/revisions\/19483"}],"wp:featuredmedia":[{"embeddable":true,"href":"https:\/\/www.egemtv.com\/index.php?rest_route=\/wp\/v2\/media\/19482"}],"wp:attachment":[{"href":"https:\/\/www.egemtv.com\/index.php?rest_route=%2Fwp%2Fv2%2Fmedia&parent=19481"}],"wp:term":[{"taxonomy":"category","embeddable":true,"href":"https:\/\/www.egemtv.com\/index.php?rest_route=%2Fwp%2Fv2%2Fcategories&post=19481"},{"taxonomy":"post_tag","embeddable":true,"href":"https:\/\/www.egemtv.com\/index.php?rest_route=%2Fwp%2Fv2%2Ftags&post=19481"}],"curies":[{"name":"wp","href":"https:\/\/api.w.org\/{rel}","templated":true}]}}