{"id":19478,"date":"2025-02-17T10:02:01","date_gmt":"2025-02-17T07:02:01","guid":{"rendered":"https:\/\/www.egemtv.com\/?p=19478"},"modified":"2025-02-17T10:02:06","modified_gmt":"2025-02-17T07:02:06","slug":"yaylakavak-barajinda-bakim-ve-onarim-calismasi","status":"publish","type":"post","link":"https:\/\/www.egemtv.com\/?p=19478","title":{"rendered":"Yaylakavak Baraj\u0131\u2019nda bak\u0131m ve onar\u0131m \u00e7al\u0131\u015fmas\u0131"},"content":{"rendered":"<p>Ayd\u0131n\u2019\u0131n Karpuzlu il\u00e7esindeki Yaylakavak Baraj\u0131\u2019nda bak\u0131m ve onar\u0131m \u00e7al\u0131\u015fmalar\u0131 devam ediyor.<\/p>\n<p>Ayd\u0131n\u2019\u0131n Karpuzlu il\u00e7esinde bulunan Yaylakavak Baraj\u0131\u2019nda Bak\u0131m Onar\u0131m \u00e7al\u0131\u015fmalar\u0131 aral\u0131ks\u0131z devam ediyor. \u00c7al\u0131\u015fmalar kapsam\u0131nda Dipsavak alan\u0131nda bak\u0131m \u00e7al\u0131\u015fmas\u0131 ger\u00e7ekle\u015ftiriliyor. Son ya\u011f\u0131\u015flarla birlikte su seviyesinin y\u00fckseldi\u011fi Yaylakavak Baraj\u0131, 32 bin dekar tar\u0131m arazisinin suyla bulu\u015fmas\u0131n\u0131 sa\u011fl\u0131yor.<br \/><\/p>\n","protected":false},"excerpt":{"rendered":"<p>Ayd\u0131n\u2019\u0131n Karpuzlu il\u00e7esindeki Yaylakavak Baraj\u0131\u2019nda bak\u0131m ve onar\u0131m \u00e7al\u0131\u015fmalar\u0131 devam ediyor. Ayd\u0131n\u2019\u0131n Karpuzlu il\u00e7esinde bulunan Yaylakavak Baraj\u0131\u2019nda Bak\u0131m Onar\u0131m \u00e7al\u0131\u015fmalar\u0131 aral\u0131ks\u0131z devam ediyor. \u00c7al\u0131\u015fmalar kapsam\u0131nda Dipsavak alan\u0131nda bak\u0131m \u00e7al\u0131\u015fmas\u0131 ger\u00e7ekle\u015ftiriliyor. Son ya\u011f\u0131\u015flarla birlikte su seviyesinin y\u00fckseldi\u011fi Yaylakavak Baraj\u0131, 32 bin dekar tar\u0131m arazisinin suyla bulu\u015fmas\u0131n\u0131 sa\u011fl\u0131yor.<\/p>\n","protected":false},"author":1,"featured_media":19479,"comment_status":"open","ping_status":"open","sticky":false,"template":"","format":"standard","meta":{"_crdt_document":"","footnotes":""},"categories":[1],"tags":[],"class_list":["post-19478","post","type-post","status-publish","format-standard","has-post-thumbnail","hentry","category-guncel"],"_links":{"self":[{"href":"https:\/\/www.egemtv.com\/index.php?rest_route=\/wp\/v2\/posts\/19478","targetHints":{"allow":["GET"]}}],"collection":[{"href":"https:\/\/www.egemtv.com\/index.php?rest_route=\/wp\/v2\/posts"}],"about":[{"href":"https:\/\/www.egemtv.com\/index.php?rest_route=\/wp\/v2\/types\/post"}],"author":[{"embeddable":true,"href":"https:\/\/www.egemtv.com\/index.php?rest_route=\/wp\/v2\/users\/1"}],"replies":[{"embeddable":true,"href":"https:\/\/www.egemtv.com\/index.php?rest_route=%2Fwp%2Fv2%2Fcomments&post=19478"}],"version-history":[{"count":1,"href":"https:\/\/www.egemtv.com\/index.php?rest_route=\/wp\/v2\/posts\/19478\/revisions"}],"predecessor-version":[{"id":19480,"href":"https:\/\/www.egemtv.com\/index.php?rest_route=\/wp\/v2\/posts\/19478\/revisions\/19480"}],"wp:featuredmedia":[{"embeddable":true,"href":"https:\/\/www.egemtv.com\/index.php?rest_route=\/wp\/v2\/media\/19479"}],"wp:attachment":[{"href":"https:\/\/www.egemtv.com\/index.php?rest_route=%2Fwp%2Fv2%2Fmedia&parent=19478"}],"wp:term":[{"taxonomy":"category","embeddable":true,"href":"https:\/\/www.egemtv.com\/index.php?rest_route=%2Fwp%2Fv2%2Fcategories&post=19478"},{"taxonomy":"post_tag","embeddable":true,"href":"https:\/\/www.egemtv.com\/index.php?rest_route=%2Fwp%2Fv2%2Ftags&post=19478"}],"curies":[{"name":"wp","href":"https:\/\/api.w.org\/{rel}","templated":true}]}}