{"id":19475,"date":"2025-02-17T09:54:50","date_gmt":"2025-02-17T06:54:50","guid":{"rendered":"https:\/\/www.egemtv.com\/?p=19475"},"modified":"2025-02-17T09:54:55","modified_gmt":"2025-02-17T06:54:55","slug":"kaymakam-ates-ogrencilerin-evlerine-misafir-oldu","status":"publish","type":"post","link":"https:\/\/www.egemtv.com\/?p=19475","title":{"rendered":"Kaymakam Ate\u015f, \u00f6\u011frencilerin evlerine misafir oldu"},"content":{"rendered":"<p>Sultanhisar Kaymakam\u0131 Ali Ekber Ate\u015f, \u2019Misafirim Kaymakam\u0131m\u2019 projesi \u00e7er\u00e7evesinde \u00f6\u011frencilerin evlerine konuk oldu.<\/p>\n<p>Sultanhisar Kaymakam\u0131 Ali Ekber Ate\u015f, \u0130l\u00e7e Milli E\u011fitim M\u00fcd\u00fcr\u00fc Erdin\u00e7 G\u00fcner ve \u00f6\u011fretmenlerle birlikte, \u2019Misafirim Kaymakam\u0131m\u2019 projesi \u00e7er\u00e7evesinde \u00f6\u011frencilerin evlerine konuk oldu. Proje kapsam\u0131nda, \u015eehit Ufuk Demirk\u0131ran Mesleki ve Teknik Anadolu Lisesi 12. s\u0131n\u0131f \u00f6\u011frencisi Adil I\u015f\u0131k ve Salavatl\u0131 Ortaokulu 8. s\u0131n\u0131f \u00f6\u011frencisi Aysel \u00c7akmak\u00e7\u0131o\u011flu\u2019nun aileleri ziyaret edildi. Ziyaret s\u0131ras\u0131nda Kaymakam Ate\u015f, \u00f6\u011frencilerle sohbet ederek, onlar\u0131n e\u011fitim hayatlar\u0131na dair tavsiyelerde bulundu. Ayr\u0131ca, ba\u015far\u0131l\u0131 bir gelecek i\u00e7in emek harcayan \u00f6\u011frencilere moral verdi. Kaymakam Ate\u015f, &#8220;\u00d6\u011frencilerimize s\u0131navlar\u0131nda ba\u015far\u0131lar diliyor, ailelerimize misafirperverlikleri i\u00e7in te\u015fekk\u00fcrlerimizi iletiyorum&#8221; dedi.<br \/><\/p>\n","protected":false},"excerpt":{"rendered":"<p>Sultanhisar Kaymakam\u0131 Ali Ekber Ate\u015f, \u2019Misafirim Kaymakam\u0131m\u2019 projesi \u00e7er\u00e7evesinde \u00f6\u011frencilerin evlerine konuk oldu. Sultanhisar Kaymakam\u0131 Ali Ekber Ate\u015f, \u0130l\u00e7e Milli E\u011fitim M\u00fcd\u00fcr\u00fc Erdin\u00e7 G\u00fcner ve \u00f6\u011fretmenlerle birlikte, \u2019Misafirim Kaymakam\u0131m\u2019 projesi \u00e7er\u00e7evesinde \u00f6\u011frencilerin evlerine konuk oldu. Proje kapsam\u0131nda, \u015eehit Ufuk Demirk\u0131ran Mesleki ve Teknik Anadolu Lisesi 12. s\u0131n\u0131f \u00f6\u011frencisi Adil I\u015f\u0131k ve Salavatl\u0131 Ortaokulu 8. s\u0131n\u0131f&#8230;<\/p>\n","protected":false},"author":1,"featured_media":19476,"comment_status":"open","ping_status":"open","sticky":false,"template":"","format":"standard","meta":{"_crdt_document":"","footnotes":""},"categories":[1],"tags":[],"class_list":["post-19475","post","type-post","status-publish","format-standard","has-post-thumbnail","hentry","category-guncel"],"_links":{"self":[{"href":"https:\/\/www.egemtv.com\/index.php?rest_route=\/wp\/v2\/posts\/19475","targetHints":{"allow":["GET"]}}],"collection":[{"href":"https:\/\/www.egemtv.com\/index.php?rest_route=\/wp\/v2\/posts"}],"about":[{"href":"https:\/\/www.egemtv.com\/index.php?rest_route=\/wp\/v2\/types\/post"}],"author":[{"embeddable":true,"href":"https:\/\/www.egemtv.com\/index.php?rest_route=\/wp\/v2\/users\/1"}],"replies":[{"embeddable":true,"href":"https:\/\/www.egemtv.com\/index.php?rest_route=%2Fwp%2Fv2%2Fcomments&post=19475"}],"version-history":[{"count":1,"href":"https:\/\/www.egemtv.com\/index.php?rest_route=\/wp\/v2\/posts\/19475\/revisions"}],"predecessor-version":[{"id":19477,"href":"https:\/\/www.egemtv.com\/index.php?rest_route=\/wp\/v2\/posts\/19475\/revisions\/19477"}],"wp:featuredmedia":[{"embeddable":true,"href":"https:\/\/www.egemtv.com\/index.php?rest_route=\/wp\/v2\/media\/19476"}],"wp:attachment":[{"href":"https:\/\/www.egemtv.com\/index.php?rest_route=%2Fwp%2Fv2%2Fmedia&parent=19475"}],"wp:term":[{"taxonomy":"category","embeddable":true,"href":"https:\/\/www.egemtv.com\/index.php?rest_route=%2Fwp%2Fv2%2Fcategories&post=19475"},{"taxonomy":"post_tag","embeddable":true,"href":"https:\/\/www.egemtv.com\/index.php?rest_route=%2Fwp%2Fv2%2Ftags&post=19475"}],"curies":[{"name":"wp","href":"https:\/\/api.w.org\/{rel}","templated":true}]}}