{"id":19463,"date":"2025-02-17T09:15:49","date_gmt":"2025-02-17T06:15:49","guid":{"rendered":"https:\/\/www.egemtv.com\/?p=19463"},"modified":"2025-02-17T09:15:55","modified_gmt":"2025-02-17T06:15:55","slug":"gokyuzu-meraklilari-5-kez-beyagac-topuklu-yaylasinda-bulusacak","status":"publish","type":"post","link":"https:\/\/www.egemtv.com\/?p=19463","title":{"rendered":"G\u00f6ky\u00fcz\u00fc merakl\u0131lar\u0131 5. kez Beya\u011fa\u00e7 Topuklu Yaylas\u0131nda bulu\u015facak"},"content":{"rendered":"<p>Denizli\u2019nin Beya\u011fa\u00e7 Belediyesi taraf\u0131ndan y\u00fcr\u00fct\u00fclen Topuklu Yaylas\u0131 Ethem Hoca ile G\u00f6ky\u00fcz\u00fc G\u00f6zlem Etkinliklerinin 5\u2019incisi bu y\u0131l 31 Temmuz \u2013 3 A\u011fustos tarihleri aras\u0131nda ger\u00e7ekle\u015ftirilecek.<\/p>\n<p>Beya\u011fa\u00e7 Belediyesi, Kalebey Yerel Eylem Grubu Derne\u011fi, Denizli Valili\u011fi, Denizli B\u00fcy\u00fck\u015fehir Belediyesi ve G\u00fcney Ege Kalk\u0131nma Ajans\u0131 (GEKA) i\u015fbirli\u011finde ger\u00e7ekle\u015ftirilen Topuklu Yaylas\u0131 Ethem Hoca ile G\u00f6ky\u00fcz\u00fc G\u00f6zlem Etkinlikleri 4 etkinli\u011fi, ge\u00e7ti\u011fimiz y\u0131l Temmuz ay\u0131nda 250\u2019si \u00e7ocuk olmak \u00fczere 1500 g\u00f6kbilim sevdal\u0131s\u0131n\u0131n kat\u0131l\u0131m\u0131yla yap\u0131lm\u0131\u015ft\u0131. Astrofoto\u011fraf\u00e7\u0131lar taraf\u0131ndan etkinlik alan\u0131na kurulan 38 teleskopla gece derin uzay cisimlerinin resimleri \u00e7ekilmi\u015fti.<\/p>\n<p>Yurt i\u00e7i ve yurt d\u0131\u015f\u0131ndan b\u00fcy\u00fck ilgi g\u00f6ren Topuklu Yaylas\u0131 Ethem Hoca ile G\u00f6ky\u00fcz\u00fc G\u00f6zlem Etkinliklerinin 2025 y\u0131l\u0131 program\u0131 belli oldu. 31 Temmuz &#8211; 3 A\u011fustos 2025 tarihleri aras\u0131nda d\u00fczenlenecek olan etkinli\u011fin bu y\u0131l da binlerce g\u00f6ky\u00fcz\u00fc merakl\u0131s\u0131n\u0131 bulu\u015fturmas\u0131 bekleniyor.<\/p>\n<p>G\u00f6ky\u00fcz\u00fc merakl\u0131lar\u0131n\u0131 Beya\u011fa\u00e7 Topuklu Yaylas\u0131na davet eden Beya\u011fa\u00e7 Belediye Ba\u015fkan\u0131 Sezayi P\u00fct\u00fcn, &#8220;Y\u0131ld\u0131zlara dokunmak i\u00e7in bu y\u0131lda Topuklu Yaylas\u0131\u2019nda bulu\u015fuyoruz. G\u00f6ky\u00fcz\u00fcn\u00fcn b\u00fcy\u00fcs\u00fcn\u00fc ke\u015ffetmek, unutulmaz bir deneyim ya\u015famak isteyen herkesi bekliyoruz. Topuklu Yaylas\u0131, Uluslararas\u0131 G\u00f6zlem Enstit\u00fcs\u00fc verilerine g\u00f6re en karanl\u0131k ve sessiz yer olarak belirlenmek \u00fczere. G\u00f6ky\u00fcz\u00fc g\u00f6rseli ile ilgilenen ki\u015filerin arad\u0131\u011f\u0131 her \u015fey var. Topuklu Yaylas\u0131n\u0131n \u2018Uluslararas\u0131 Karanl\u0131k G\u00f6ky\u00fcz\u00fc Park\u0131\u2019 stat\u00fcs\u00fc alabilmesi i\u00e7in iki y\u0131ldan bu yana merkezi ABD\u2019de bulunan Uluslararas\u0131 Karanl\u0131k G\u00f6ky\u00fcz\u00fc Parklar\u0131 Komitesi (IDA) ile ileti\u015fim ba\u015far\u0131yla devam etmekte olup 2025 y\u0131l\u0131nda sertifikan\u0131n al\u0131nmas\u0131 \u00f6ng\u00f6r\u00fclmektedir. IDA taraf\u0131ndan sertifikaland\u0131r\u0131lan d\u00fcnyada 220 adet, Avrupa\u2019da ise sadece 22 adet karanl\u0131k g\u00f6ky\u00fcz\u00fc park\u0131 oldu\u011fu varsay\u0131m\u0131yla bu sertifikan\u0131n b\u00f6lgenin ve \u00fclkenin turizmi ad\u0131na ne kadar \u00f6nemli oldu\u011fu ortadad\u0131r. Topuklu Yaylas\u0131n\u0131n \u00fclkemizin ilk \u2018Karanl\u0131k G\u00f6ky\u00fcz\u00fc Park\u0131\u2019 unvan\u0131na sahip olmas\u0131 halinde IDA taraf\u0131ndan bu haberin d\u00fcnya \u00e7ap\u0131nda milyonlarca g\u00f6ky\u00fcz\u00fc merakl\u0131s\u0131na duyurulmas\u0131yla Topuklu Yaylam\u0131za b\u00fcy\u00fck bir ilginin olu\u015fmas\u0131 ka\u00e7\u0131n\u0131lmaz olacakt\u0131r. Bu etkinlik Beya\u011fa\u00e7 ve Topuklu Yaylas\u0131 isimlerinin hem ulusal hem de uluslararas\u0131 d\u00fczeyde bilinirlili\u011finin artmas\u0131n\u0131 sa\u011flayacak ve y\u00f6re halk\u0131n\u0131n sosyal, k\u00fclt\u00fcrel, ekonomik geli\u015fimini h\u0131zland\u0131racakt\u0131r. Bu etkinlikler her ge\u00e7en y\u0131l kapsam\u0131 geni\u015fleterek s\u00fcrd\u00fcr\u00fclecek ve en yak\u0131n zamanda Topuklu Yaylas\u0131n\u0131n !Astro Turizm Destinasyonu\u2019 olarak an\u0131lmas\u0131n\u0131 ve tan\u0131nmas\u0131n\u0131 sa\u011flayacakt\u0131r&#8221; diye konu\u015ftu.<br \/><\/p>\n","protected":false},"excerpt":{"rendered":"<p>Denizli\u2019nin Beya\u011fa\u00e7 Belediyesi taraf\u0131ndan y\u00fcr\u00fct\u00fclen Topuklu Yaylas\u0131 Ethem Hoca ile G\u00f6ky\u00fcz\u00fc G\u00f6zlem Etkinliklerinin 5\u2019incisi bu y\u0131l 31 Temmuz \u2013 3 A\u011fustos tarihleri aras\u0131nda ger\u00e7ekle\u015ftirilecek. Beya\u011fa\u00e7 Belediyesi, Kalebey Yerel Eylem Grubu Derne\u011fi, Denizli Valili\u011fi, Denizli B\u00fcy\u00fck\u015fehir Belediyesi ve G\u00fcney Ege Kalk\u0131nma Ajans\u0131 (GEKA) i\u015fbirli\u011finde ger\u00e7ekle\u015ftirilen Topuklu Yaylas\u0131 Ethem Hoca ile G\u00f6ky\u00fcz\u00fc G\u00f6zlem Etkinlikleri 4 etkinli\u011fi, ge\u00e7ti\u011fimiz&#8230;<\/p>\n","protected":false},"author":1,"featured_media":19464,"comment_status":"open","ping_status":"open","sticky":false,"template":"","format":"standard","meta":{"_crdt_document":"","footnotes":""},"categories":[124],"tags":[],"class_list":["post-19463","post","type-post","status-publish","format-standard","has-post-thumbnail","hentry","category-bilim"],"_links":{"self":[{"href":"https:\/\/www.egemtv.com\/index.php?rest_route=\/wp\/v2\/posts\/19463","targetHints":{"allow":["GET"]}}],"collection":[{"href":"https:\/\/www.egemtv.com\/index.php?rest_route=\/wp\/v2\/posts"}],"about":[{"href":"https:\/\/www.egemtv.com\/index.php?rest_route=\/wp\/v2\/types\/post"}],"author":[{"embeddable":true,"href":"https:\/\/www.egemtv.com\/index.php?rest_route=\/wp\/v2\/users\/1"}],"replies":[{"embeddable":true,"href":"https:\/\/www.egemtv.com\/index.php?rest_route=%2Fwp%2Fv2%2Fcomments&post=19463"}],"version-history":[{"count":1,"href":"https:\/\/www.egemtv.com\/index.php?rest_route=\/wp\/v2\/posts\/19463\/revisions"}],"predecessor-version":[{"id":19465,"href":"https:\/\/www.egemtv.com\/index.php?rest_route=\/wp\/v2\/posts\/19463\/revisions\/19465"}],"wp:featuredmedia":[{"embeddable":true,"href":"https:\/\/www.egemtv.com\/index.php?rest_route=\/wp\/v2\/media\/19464"}],"wp:attachment":[{"href":"https:\/\/www.egemtv.com\/index.php?rest_route=%2Fwp%2Fv2%2Fmedia&parent=19463"}],"wp:term":[{"taxonomy":"category","embeddable":true,"href":"https:\/\/www.egemtv.com\/index.php?rest_route=%2Fwp%2Fv2%2Fcategories&post=19463"},{"taxonomy":"post_tag","embeddable":true,"href":"https:\/\/www.egemtv.com\/index.php?rest_route=%2Fwp%2Fv2%2Ftags&post=19463"}],"curies":[{"name":"wp","href":"https:\/\/api.w.org\/{rel}","templated":true}]}}