{"id":19460,"date":"2025-02-17T08:58:31","date_gmt":"2025-02-17T05:58:31","guid":{"rendered":"https:\/\/www.egemtv.com\/?p=19460"},"modified":"2025-02-17T08:58:36","modified_gmt":"2025-02-17T05:58:36","slug":"akhisarli-genc-bisikletciler-yine-kursuye-cikti","status":"publish","type":"post","link":"https:\/\/www.egemtv.com\/?p=19460","title":{"rendered":"Akhisarl\u0131 gen\u00e7 bisiklet\u00e7iler yine k\u00fcrs\u00fcye \u00e7\u0131kt\u0131"},"content":{"rendered":"<p>Antalya\u2019da d\u00fczenlenen Tacettin \u00d6zsava\u015f MTB CUP yar\u0131\u015fmas\u0131nda Akhisar \u0130l\u00e7e Spor Kul\u00fcb\u00fcn\u00fcn bisiklet sporcular\u0131 erkekler ve kad\u0131nlarda 2 ikincilik elde ederek yine k\u00fcrs\u00fcde yer ald\u0131.<br \/>\n<br \/>K\u0131sa zamanda kat\u0131ld\u0131klar\u0131 her yar\u0131\u015fta dereceler alan Akhisar \u0130l\u00e7e Spor Kul\u00fcb\u00fc bisiklet\u00e7ileri Antalya\u2019da d\u00fczenlenen Tacettin \u00d6zsava\u015f MTB CUP yar\u0131\u015fmas\u0131nda U11 Erkek Kategorisinde m\u00fccadele eden Mira\u00e7 Ali Acar, zorlu parkuru ba\u015far\u0131yla tamamlayarak ikinci olurken, U13 Kad\u0131n Kategorisinde yar\u0131\u015fan Miray Akcan da ikinci olarak \u00f6nemli bir ba\u015far\u0131ya imza att\u0131.<br \/>\n<br \/>Akhisar \u0130l\u00e7e Spor Kul\u00fcb\u00fc Bisiklet Antren\u00f6r\u00fc Saniye Sezer G\u00fcrsesliler, gen\u00e7 sporcular\u0131n ba\u015far\u0131lar\u0131yla gurur duyduklar\u0131n\u0131 belirterek, sporcular\u0131 tebrik etti.<br \/><\/p>\n","protected":false},"excerpt":{"rendered":"<p>Antalya\u2019da d\u00fczenlenen Tacettin \u00d6zsava\u015f MTB CUP yar\u0131\u015fmas\u0131nda Akhisar \u0130l\u00e7e Spor Kul\u00fcb\u00fcn\u00fcn bisiklet sporcular\u0131 erkekler ve kad\u0131nlarda 2 ikincilik elde ederek yine k\u00fcrs\u00fcde yer ald\u0131. K\u0131sa zamanda kat\u0131ld\u0131klar\u0131 her yar\u0131\u015fta dereceler alan Akhisar \u0130l\u00e7e Spor Kul\u00fcb\u00fc bisiklet\u00e7ileri Antalya\u2019da d\u00fczenlenen Tacettin \u00d6zsava\u015f MTB CUP yar\u0131\u015fmas\u0131nda U11 Erkek Kategorisinde m\u00fccadele eden Mira\u00e7 Ali Acar, zorlu parkuru ba\u015far\u0131yla tamamlayarak&#8230;<\/p>\n","protected":false},"author":1,"featured_media":19461,"comment_status":"open","ping_status":"open","sticky":false,"template":"","format":"standard","meta":{"_crdt_document":"","footnotes":""},"categories":[4],"tags":[],"class_list":["post-19460","post","type-post","status-publish","format-standard","has-post-thumbnail","hentry","category-spor"],"_links":{"self":[{"href":"https:\/\/www.egemtv.com\/index.php?rest_route=\/wp\/v2\/posts\/19460","targetHints":{"allow":["GET"]}}],"collection":[{"href":"https:\/\/www.egemtv.com\/index.php?rest_route=\/wp\/v2\/posts"}],"about":[{"href":"https:\/\/www.egemtv.com\/index.php?rest_route=\/wp\/v2\/types\/post"}],"author":[{"embeddable":true,"href":"https:\/\/www.egemtv.com\/index.php?rest_route=\/wp\/v2\/users\/1"}],"replies":[{"embeddable":true,"href":"https:\/\/www.egemtv.com\/index.php?rest_route=%2Fwp%2Fv2%2Fcomments&post=19460"}],"version-history":[{"count":1,"href":"https:\/\/www.egemtv.com\/index.php?rest_route=\/wp\/v2\/posts\/19460\/revisions"}],"predecessor-version":[{"id":19462,"href":"https:\/\/www.egemtv.com\/index.php?rest_route=\/wp\/v2\/posts\/19460\/revisions\/19462"}],"wp:featuredmedia":[{"embeddable":true,"href":"https:\/\/www.egemtv.com\/index.php?rest_route=\/wp\/v2\/media\/19461"}],"wp:attachment":[{"href":"https:\/\/www.egemtv.com\/index.php?rest_route=%2Fwp%2Fv2%2Fmedia&parent=19460"}],"wp:term":[{"taxonomy":"category","embeddable":true,"href":"https:\/\/www.egemtv.com\/index.php?rest_route=%2Fwp%2Fv2%2Fcategories&post=19460"},{"taxonomy":"post_tag","embeddable":true,"href":"https:\/\/www.egemtv.com\/index.php?rest_route=%2Fwp%2Fv2%2Ftags&post=19460"}],"curies":[{"name":"wp","href":"https:\/\/api.w.org\/{rel}","templated":true}]}}