{"id":19457,"date":"2025-02-17T08:53:05","date_gmt":"2025-02-17T05:53:05","guid":{"rendered":"https:\/\/www.egemtv.com\/?p=19457"},"modified":"2025-02-17T08:53:10","modified_gmt":"2025-02-17T05:53:10","slug":"bozdoganda-ikinci-el-esyalar-cantaya-donustu","status":"publish","type":"post","link":"https:\/\/www.egemtv.com\/?p=19457","title":{"rendered":"Bozdo\u011fan\u2019da ikinci el e\u015fyalar \u00e7antaya d\u00f6n\u00fc\u015ft\u00fc"},"content":{"rendered":"<p>Bozdo\u011fan Meslek Y\u00fcksekokulu (MYO), sosyal markete ba\u011f\u0131\u015flanan ikinci el giysileri de\u011ferlendirerek \u00f6nemli bir projeye imza att\u0131. Bozdo\u011fan MYO ve Bozdo\u011fan Halk E\u011fitim Merkezi i\u015f birli\u011fiyle ger\u00e7ekle\u015ftirilen \u00e7al\u0131\u015fma kapsam\u0131nda, ikinci el giysiler de\u011ferlendirilerek el yap\u0131m\u0131 \u00e7antalara d\u00f6n\u00fc\u015ft\u00fcr\u00fcld\u00fc.<\/p>\n<p>Projede, Halk E\u011fitim Merkezi kursiyerleri taraf\u0131ndan dikilen \u00e7antalar, hem \u00e7evre dostu bir yakla\u015f\u0131mla \u00fcretildi hem de toplumsal dayan\u0131\u015fmaya katk\u0131 sa\u011flad\u0131.<\/p>\n<p>Bozdo\u011fan MYO Sosyal Marketi\u2019nde, \u00f6\u011frencilere \u00fccretsiz g\u0131da da\u011f\u0131t\u0131m\u0131 s\u0131ras\u0131nda po\u015fet kullan\u0131m\u0131 yerine el eme\u011fiyle \u00fcretilen bez \u00e7antalar kullan\u0131lmaya ba\u015flanacak. Bu uygulama, \u00e7evre bilincini art\u0131rmak ve po\u015fet kullan\u0131m\u0131n\u0131 azaltmak amac\u0131yla hayata ge\u00e7iriliyor. Bez \u00e7antalar, \u00f6\u011frencilerin al\u0131\u015fveri\u015flerini ta\u015f\u0131man\u0131n yan\u0131 s\u0131ra, do\u011fal kaynaklar\u0131n korunmas\u0131na da katk\u0131 sa\u011flayacak. B\u00f6ylece \u00f6\u011frencilerde s\u00fcrd\u00fcr\u00fclebilir t\u00fcketim anlay\u0131\u015f\u0131n\u0131n yayg\u0131nla\u015ft\u0131r\u0131lmas\u0131 ve \u00e7evre dostu al\u0131\u015fkanl\u0131klar\u0131n kazand\u0131r\u0131lmas\u0131 sa\u011flanacak.<\/p>\n<p>Halk E\u011fitim Merkezi\u2019nde e\u011fitim alan kursiyerler, kullan\u0131lmayan k\u0131yafetleri ve kuma\u015flar\u0131 i\u015fleyerek \u015f\u0131k ve dayan\u0131kl\u0131 \u00e7antalar \u00fcretti. Bu \u00e7al\u0131\u015fma, tekstil at\u0131klar\u0131n\u0131n azalt\u0131lmas\u0131na katk\u0131 sunarken, kad\u0131nlar\u0131n mesleki becerilerini geli\u015ftirmelerine de imkan sa\u011flad\u0131.<\/p>\n<p>Proje koordinat\u00f6r\u00fc Bozdo\u011fan MYO M\u00fcd\u00fcr\u00fc Dr. \u00d6\u011fr. \u00dcyesi Nurdanur Tavlan Soydan, s\u00fcrd\u00fcr\u00fclebilirli\u011fi te\u015fvik etmek amac\u0131yla bu t\u00fcr projelerin devam edece\u011fini belirtti.<\/p>\n<p>Yaz\u0131kent Halk E\u011fitim Merkezi usta \u00f6\u011freticisi Mihriban Yaylag\u00fcl, &#8220;Kad\u0131nlar\u0131m\u0131z\u0131n el eme\u011fiyle haz\u0131rlad\u0131\u011f\u0131 her \u00e7anta, sadece bir aksesuar de\u011fil, ayn\u0131 zamanda bir bilin\u00e7 hareketinin \u00fcr\u00fcn\u00fc&#8221; dedi.<\/p>\n<p>Projeye katk\u0131 sunan Bozdo\u011fan Halk E\u011fitim Merkezi giyim usta \u00f6\u011freticilerinden Behiye D\u00f6nmez ise &#8220;\u0130kinci el kuma\u015flar\u0131 de\u011ferlendirerek do\u011faya katk\u0131 sa\u011flarken, yeniden kullan\u0131m k\u00fclt\u00fcr\u00fcn\u00fc de g\u00fc\u00e7lendiriyoruz&#8221; ifadesini kulland\u0131.<\/p>\n<p>Diki\u015f usta \u00f6\u011freticisi G\u00fclden Dayan, &#8220;Bu proje sayesinde kursiyerlerimiz hem \u00fcretim s\u00fcrecine kat\u0131ld\u0131lar hem de s\u00fcrd\u00fcr\u00fclebilir moda anlay\u0131\u015f\u0131yla tan\u0131\u015ft\u0131lar&#8221; dedi.<br \/><\/p>\n","protected":false},"excerpt":{"rendered":"<p>Bozdo\u011fan Meslek Y\u00fcksekokulu (MYO), sosyal markete ba\u011f\u0131\u015flanan ikinci el giysileri de\u011ferlendirerek \u00f6nemli bir projeye imza att\u0131. Bozdo\u011fan MYO ve Bozdo\u011fan Halk E\u011fitim Merkezi i\u015f birli\u011fiyle ger\u00e7ekle\u015ftirilen \u00e7al\u0131\u015fma kapsam\u0131nda, ikinci el giysiler de\u011ferlendirilerek el yap\u0131m\u0131 \u00e7antalara d\u00f6n\u00fc\u015ft\u00fcr\u00fcld\u00fc. Projede, Halk E\u011fitim Merkezi kursiyerleri taraf\u0131ndan dikilen \u00e7antalar, hem \u00e7evre dostu bir yakla\u015f\u0131mla \u00fcretildi hem de toplumsal dayan\u0131\u015fmaya katk\u0131&#8230;<\/p>\n","protected":false},"author":1,"featured_media":19458,"comment_status":"open","ping_status":"open","sticky":false,"template":"","format":"standard","meta":{"_crdt_document":"","footnotes":""},"categories":[1],"tags":[],"class_list":["post-19457","post","type-post","status-publish","format-standard","has-post-thumbnail","hentry","category-guncel"],"_links":{"self":[{"href":"https:\/\/www.egemtv.com\/index.php?rest_route=\/wp\/v2\/posts\/19457","targetHints":{"allow":["GET"]}}],"collection":[{"href":"https:\/\/www.egemtv.com\/index.php?rest_route=\/wp\/v2\/posts"}],"about":[{"href":"https:\/\/www.egemtv.com\/index.php?rest_route=\/wp\/v2\/types\/post"}],"author":[{"embeddable":true,"href":"https:\/\/www.egemtv.com\/index.php?rest_route=\/wp\/v2\/users\/1"}],"replies":[{"embeddable":true,"href":"https:\/\/www.egemtv.com\/index.php?rest_route=%2Fwp%2Fv2%2Fcomments&post=19457"}],"version-history":[{"count":1,"href":"https:\/\/www.egemtv.com\/index.php?rest_route=\/wp\/v2\/posts\/19457\/revisions"}],"predecessor-version":[{"id":19459,"href":"https:\/\/www.egemtv.com\/index.php?rest_route=\/wp\/v2\/posts\/19457\/revisions\/19459"}],"wp:featuredmedia":[{"embeddable":true,"href":"https:\/\/www.egemtv.com\/index.php?rest_route=\/wp\/v2\/media\/19458"}],"wp:attachment":[{"href":"https:\/\/www.egemtv.com\/index.php?rest_route=%2Fwp%2Fv2%2Fmedia&parent=19457"}],"wp:term":[{"taxonomy":"category","embeddable":true,"href":"https:\/\/www.egemtv.com\/index.php?rest_route=%2Fwp%2Fv2%2Fcategories&post=19457"},{"taxonomy":"post_tag","embeddable":true,"href":"https:\/\/www.egemtv.com\/index.php?rest_route=%2Fwp%2Fv2%2Ftags&post=19457"}],"curies":[{"name":"wp","href":"https:\/\/api.w.org\/{rel}","templated":true}]}}