{"id":19454,"date":"2025-02-17T08:34:18","date_gmt":"2025-02-17T05:34:18","guid":{"rendered":"https:\/\/www.egemtv.com\/?p=19454"},"modified":"2025-02-17T08:34:23","modified_gmt":"2025-02-17T05:34:23","slug":"gencler-hayallerini-sahneye-tasiyacak","status":"publish","type":"post","link":"https:\/\/www.egemtv.com\/?p=19454","title":{"rendered":"Gen\u00e7ler hayallerini sahneye ta\u015f\u0131yacak"},"content":{"rendered":"<p>Bu y\u0131l 10.\u2019su d\u00fczenlenecek olan Gen\u00e7ler Aras\u0131 K\u00fclt\u00fcr ve Sanat Yar\u0131\u015fmalar\u0131\u2019n\u0131n ba\u015fvurular\u0131 ba\u015flarken, Ayd\u0131n\u2019\u0131n Efeler il\u00e7esinde sahaya inen Gen\u00e7lik Merkezi liderleri okullarda yar\u0131\u015fmalar\u0131n tan\u0131t\u0131mlar\u0131n\u0131 ger\u00e7ekle\u015ftirdi.<\/p>\n<p>Gen\u00e7lik Hizmetleri Genel M\u00fcd\u00fcrl\u00fc\u011f\u00fc koordinesinde her y\u0131l ger\u00e7ekle\u015ftirilen k\u00fclt\u00fcr ve sanat yar\u0131\u015fmalar\u0131 i\u00e7in ger say\u0131m ba\u015flad\u0131. Gen\u00e7lerin k\u00fclt\u00fcrel ve sanatsal geli\u015fimlerine katk\u0131da bulunmak amac\u0131yla bu y\u0131l 10.\u2019su d\u00fczenlenecek olan Gen\u00e7ler Aras\u0131 K\u00fclt\u00fcr ve Sanat Yar\u0131\u015fmalar\u0131\u2019na kat\u0131l\u0131m i\u00e7in ba\u015fvuru s\u00fcreci ba\u015flad\u0131. Bu \u00e7er\u00e7evede Ayd\u0131n\u2019\u0131n Efeler il\u00e7esinde sahaya inen Gen\u00e7lik Merkezi liderleri de okullar\u0131 gezerek \u00f6\u011frencilere yar\u0131\u015fmay\u0131 tan\u0131tt\u0131. Ses, tiyatro, \u015fiir ve bilgi yar\u0131\u015fmas\u0131 kategorilerinde yap\u0131lacak olan yar\u0131\u015fmalar\u0131n ba\u015fvurular\u0131n\u0131n ba\u015flad\u0131\u011f\u0131n\u0131 hat\u0131rlatan liderler, \u00f6\u011frencilere yar\u0131\u015fma s\u00fcreci hakk\u0131nda da detayl\u0131 bilgi verdi.<\/p>\n<p>&#8220;Bir \u015eiir Bir Nefes&#8221; ad\u0131yla ?Gen\u00e7ler Aras\u0131 \u015eiir Okuma Yar\u0131\u015fmas\u0131, &#8220;Hayallerini Sahneye Ta\u015f\u0131&#8221; ad\u0131yla ?Gen\u00e7ler Aras\u0131 Tiyatro Yar\u0131\u015fmas\u0131, &#8220;Kim Bilir)&#8221; ad\u0131yla ?Gen\u00e7ler Aras\u0131 Bilgi Yar\u0131\u015fmas\u0131, &#8220;Sahne S\u0131ras\u0131 Sende&#8221; ad\u0131yla ?Gen\u00e7ler Aras\u0131 Ses Yar\u0131\u015fmas\u0131 olmak \u00fczere 4 farkl\u0131 kategoride ger\u00e7ekle\u015ftirilecek olan yar\u0131\u015fmalara ba\u015fvurular, 31 Mart 2025 tarihine kadar gen\u00e7lik merkezleri arac\u0131l\u0131\u011f\u0131yla ya da ba\u015fvuru sayfas\u0131 arac\u0131l\u0131\u011f\u0131yla yap\u0131labilinecek.<\/p>\n<p>Yar\u0131\u015fmalar\u0131n T\u00fcrkiye Finalleri ise 15 Eyl\u00fcl-15 Ekim 2025 tarihleri aras\u0131nda Antalya, Rize, Mardin ve \u0130stanbul illerinde ger\u00e7ekle\u015ftirilecek.<\/p>\n<p>Konu ile ilgili Ayd\u0131n Gen\u00e7lik Merkezi\u2019nden yap\u0131lan a\u00e7\u0131klamada &#8220;Gen\u00e7lerimizin, hayallerini sahneye ta\u015f\u0131yarak ses, tiyatro, \u015fiir ve bilgi yar\u0131\u015fmas\u0131 kategorilerinde yeteneklerini sergileme imkan\u0131 bulaca\u011f\u0131 10. Gen\u00e7ler Aras\u0131 K\u00fclt\u00fcr Sanat Yar\u0131\u015fmalar\u0131n\u0131n tan\u0131t\u0131mlar\u0131na ba\u015flad\u0131k. Gen\u00e7lerin sanatla bulu\u015ftu\u011fu bu b\u00fcy\u00fck organizasyona t\u00fcm yetenekli gen\u00e7ler davetlidir&#8221; ifadeleri yer ald\u0131.<br \/><\/p>\n","protected":false},"excerpt":{"rendered":"<p>Bu y\u0131l 10.\u2019su d\u00fczenlenecek olan Gen\u00e7ler Aras\u0131 K\u00fclt\u00fcr ve Sanat Yar\u0131\u015fmalar\u0131\u2019n\u0131n ba\u015fvurular\u0131 ba\u015flarken, Ayd\u0131n\u2019\u0131n Efeler il\u00e7esinde sahaya inen Gen\u00e7lik Merkezi liderleri okullarda yar\u0131\u015fmalar\u0131n tan\u0131t\u0131mlar\u0131n\u0131 ger\u00e7ekle\u015ftirdi. Gen\u00e7lik Hizmetleri Genel M\u00fcd\u00fcrl\u00fc\u011f\u00fc koordinesinde her y\u0131l ger\u00e7ekle\u015ftirilen k\u00fclt\u00fcr ve sanat yar\u0131\u015fmalar\u0131 i\u00e7in ger say\u0131m ba\u015flad\u0131. Gen\u00e7lerin k\u00fclt\u00fcrel ve sanatsal geli\u015fimlerine katk\u0131da bulunmak amac\u0131yla bu y\u0131l 10.\u2019su d\u00fczenlenecek olan Gen\u00e7ler&#8230;<\/p>\n","protected":false},"author":1,"featured_media":19455,"comment_status":"open","ping_status":"open","sticky":false,"template":"","format":"standard","meta":{"_crdt_document":"","footnotes":""},"categories":[1],"tags":[],"class_list":["post-19454","post","type-post","status-publish","format-standard","has-post-thumbnail","hentry","category-guncel"],"_links":{"self":[{"href":"https:\/\/www.egemtv.com\/index.php?rest_route=\/wp\/v2\/posts\/19454","targetHints":{"allow":["GET"]}}],"collection":[{"href":"https:\/\/www.egemtv.com\/index.php?rest_route=\/wp\/v2\/posts"}],"about":[{"href":"https:\/\/www.egemtv.com\/index.php?rest_route=\/wp\/v2\/types\/post"}],"author":[{"embeddable":true,"href":"https:\/\/www.egemtv.com\/index.php?rest_route=\/wp\/v2\/users\/1"}],"replies":[{"embeddable":true,"href":"https:\/\/www.egemtv.com\/index.php?rest_route=%2Fwp%2Fv2%2Fcomments&post=19454"}],"version-history":[{"count":1,"href":"https:\/\/www.egemtv.com\/index.php?rest_route=\/wp\/v2\/posts\/19454\/revisions"}],"predecessor-version":[{"id":19456,"href":"https:\/\/www.egemtv.com\/index.php?rest_route=\/wp\/v2\/posts\/19454\/revisions\/19456"}],"wp:featuredmedia":[{"embeddable":true,"href":"https:\/\/www.egemtv.com\/index.php?rest_route=\/wp\/v2\/media\/19455"}],"wp:attachment":[{"href":"https:\/\/www.egemtv.com\/index.php?rest_route=%2Fwp%2Fv2%2Fmedia&parent=19454"}],"wp:term":[{"taxonomy":"category","embeddable":true,"href":"https:\/\/www.egemtv.com\/index.php?rest_route=%2Fwp%2Fv2%2Fcategories&post=19454"},{"taxonomy":"post_tag","embeddable":true,"href":"https:\/\/www.egemtv.com\/index.php?rest_route=%2Fwp%2Fv2%2Ftags&post=19454"}],"curies":[{"name":"wp","href":"https:\/\/api.w.org\/{rel}","templated":true}]}}