{"id":19451,"date":"2025-02-17T08:34:09","date_gmt":"2025-02-17T05:34:09","guid":{"rendered":"https:\/\/www.egemtv.com\/?p=19451"},"modified":"2025-02-17T08:34:18","modified_gmt":"2025-02-17T05:34:18","slug":"koycegizde-zeytinde-uygulamali-budama-egitimi-verildi","status":"publish","type":"post","link":"https:\/\/www.egemtv.com\/?p=19451","title":{"rendered":"K\u00f6yce\u011fiz\u2019de zeytinde uygulamal\u0131 budama e\u011fitimi verildi"},"content":{"rendered":"<p>Mu\u011fla\u2019n\u0131n K\u00f6yce\u011fiz il\u00e7esi Akk\u00f6pr\u00fc Mahallesi\u2019nde \u0130l\u00e7e Tar\u0131m ve Orman M\u00fcd\u00fcrl\u00fc\u011f\u00fc personelleri taraf\u0131ndan \u00e7ift\u00e7ilere budama metot demonstrasyonu yap\u0131ld\u0131.<\/p>\n<p>Yap\u0131lan e\u011fitimle \u00e7ift\u00e7ilere budaman\u0131n faydalar\u0131 ve budama yap\u0131l\u0131rken nelere dikkat edilmesi gerekti\u011fi konular\u0131nda e\u011fitim verilerek, zeytin a\u011fa\u00e7lar\u0131nda uygulamal\u0131 olarak budaman\u0131n nas\u0131l yap\u0131lmas\u0131 gerekti\u011fi g\u00f6sterildi. Ayr\u0131ca zeytin hastal\u0131k ve zararl\u0131lar\u0131 hakk\u0131nda \u00fcreticiler bilgilendirildi. K\u00f6yce\u011fiz \u0130l\u00e7e Tar\u0131m ve Orman M\u00fcd\u00fcrl\u00fc\u011f\u00fc taraf\u0131ndan yap\u0131lan a\u00e7\u0131klamada, &#8220;\u00dcreticilerimizin daha fazla \u00fcr\u00fcn elde edebilmesi i\u00e7in \u00fcretim teknikleri konusunda bilgilendirilmelerinin son derece \u00f6nemli oldu\u011funu ifade ederek, bu ama\u00e7la \u00e7ift\u00e7ilerimize y\u00f6nelik zeytin bah\u00e7elerinde uygulama ger\u00e7ekle\u015ftirdik. Burada yap\u0131lan e\u011fitimin faydal\u0131 olaca\u011f\u0131n\u0131 d\u00fc\u015f\u00fcn\u00fcyoruz. Zeytin \u00fcreticilerimizin bu uygulamalar\u0131 bundan sonra kendi bah\u00e7elerinde ger\u00e7ekle\u015ftireceklerini umut ediyoruz. Verimin en \u00f6nemli unsurlar\u0131ndan biri de budamakt\u0131r. Uygun budama yap\u0131ld\u0131\u011f\u0131nda verim de artmaktad\u0131r&#8221; ifadeleri kullan\u0131ld\u0131. ,<br \/><\/p>\n","protected":false},"excerpt":{"rendered":"<p>Mu\u011fla\u2019n\u0131n K\u00f6yce\u011fiz il\u00e7esi Akk\u00f6pr\u00fc Mahallesi\u2019nde \u0130l\u00e7e Tar\u0131m ve Orman M\u00fcd\u00fcrl\u00fc\u011f\u00fc personelleri taraf\u0131ndan \u00e7ift\u00e7ilere budama metot demonstrasyonu yap\u0131ld\u0131. Yap\u0131lan e\u011fitimle \u00e7ift\u00e7ilere budaman\u0131n faydalar\u0131 ve budama yap\u0131l\u0131rken nelere dikkat edilmesi gerekti\u011fi konular\u0131nda e\u011fitim verilerek, zeytin a\u011fa\u00e7lar\u0131nda uygulamal\u0131 olarak budaman\u0131n nas\u0131l yap\u0131lmas\u0131 gerekti\u011fi g\u00f6sterildi. Ayr\u0131ca zeytin hastal\u0131k ve zararl\u0131lar\u0131 hakk\u0131nda \u00fcreticiler bilgilendirildi. K\u00f6yce\u011fiz \u0130l\u00e7e Tar\u0131m ve Orman M\u00fcd\u00fcrl\u00fc\u011f\u00fc&#8230;<\/p>\n","protected":false},"author":1,"featured_media":19452,"comment_status":"open","ping_status":"open","sticky":false,"template":"","format":"standard","meta":{"_crdt_document":"","footnotes":""},"categories":[1],"tags":[],"class_list":["post-19451","post","type-post","status-publish","format-standard","has-post-thumbnail","hentry","category-guncel"],"_links":{"self":[{"href":"https:\/\/www.egemtv.com\/index.php?rest_route=\/wp\/v2\/posts\/19451","targetHints":{"allow":["GET"]}}],"collection":[{"href":"https:\/\/www.egemtv.com\/index.php?rest_route=\/wp\/v2\/posts"}],"about":[{"href":"https:\/\/www.egemtv.com\/index.php?rest_route=\/wp\/v2\/types\/post"}],"author":[{"embeddable":true,"href":"https:\/\/www.egemtv.com\/index.php?rest_route=\/wp\/v2\/users\/1"}],"replies":[{"embeddable":true,"href":"https:\/\/www.egemtv.com\/index.php?rest_route=%2Fwp%2Fv2%2Fcomments&post=19451"}],"version-history":[{"count":1,"href":"https:\/\/www.egemtv.com\/index.php?rest_route=\/wp\/v2\/posts\/19451\/revisions"}],"predecessor-version":[{"id":19453,"href":"https:\/\/www.egemtv.com\/index.php?rest_route=\/wp\/v2\/posts\/19451\/revisions\/19453"}],"wp:featuredmedia":[{"embeddable":true,"href":"https:\/\/www.egemtv.com\/index.php?rest_route=\/wp\/v2\/media\/19452"}],"wp:attachment":[{"href":"https:\/\/www.egemtv.com\/index.php?rest_route=%2Fwp%2Fv2%2Fmedia&parent=19451"}],"wp:term":[{"taxonomy":"category","embeddable":true,"href":"https:\/\/www.egemtv.com\/index.php?rest_route=%2Fwp%2Fv2%2Fcategories&post=19451"},{"taxonomy":"post_tag","embeddable":true,"href":"https:\/\/www.egemtv.com\/index.php?rest_route=%2Fwp%2Fv2%2Ftags&post=19451"}],"curies":[{"name":"wp","href":"https:\/\/api.w.org\/{rel}","templated":true}]}}