{"id":19448,"date":"2025-02-17T00:57:50","date_gmt":"2025-02-16T21:57:50","guid":{"rendered":"https:\/\/www.egemtv.com\/?p=19448"},"modified":"2025-02-17T00:57:55","modified_gmt":"2025-02-16T21:57:55","slug":"yamadi-golu-alevlere-teslim-oldu-yangin-5-saatte-kontrol-altina-alindi","status":"publish","type":"post","link":"https:\/\/www.egemtv.com\/?p=19448","title":{"rendered":"Yamad\u0131 G\u00f6l\u00fc alevlere teslim oldu, yang\u0131n 5 saatte kontrol alt\u0131na al\u0131nd\u0131"},"content":{"rendered":"<p>Burdur\u2019un G\u00f6lhisar il\u00e7esinde bulunan ve b\u00f6lgedeki \u00f6nemli sulak alanlar\u0131ndan biri olan Yamad\u0131 G\u00f6l\u00fc\u2019nde bir hafta i\u00e7inde ikinci kez \u00e7\u0131kan sazl\u0131k yang\u0131n\u0131, ekiplerin 5 saat s\u00fcren m\u00fcdahalesiyle kontrol alt\u0131na al\u0131nd\u0131.<br \/>\n<br \/>Burdur\u2019un G\u00f6lhisar il\u00e7esinde bulunan ve bir\u00e7ok canl\u0131ya ev sahipli\u011fi yapan Yamad\u0131 G\u00f6l\u00fc\u2019nde ki sazl\u0131k alanda saat 16.00 s\u0131ralar\u0131nda hen\u00fcz belirlenemeyen bir sebeple yang\u0131n \u00e7\u0131kt\u0131. R\u00fczgar\u0131n da etkisiyle k\u0131sa s\u00fcrede b\u00fcy\u00fcyen yang\u0131n geni\u015f alana yay\u0131ld\u0131. Alevleri g\u00f6renlerin 112 Acil \u00c7a\u011fr\u0131 Merkezi\u2019ne ihbar\u0131 \u00fczerine b\u00f6lgeye \u00e7ok say\u0131da itfaiye ve Orman \u0130\u015fletme M\u00fcd\u00fcrl\u00fc\u011f\u00fc ekipleri, ile belediye su tankerleri sevk edildi. B\u00f6lgeye gelerek yang\u0131na m\u00fcdahale eden ekiplerin yakla\u015f\u0131k 5 saat s\u00fcren yo\u011fun \u00e7al\u0131\u015fmas\u0131 sonucu kontrol alt\u0131na al\u0131narak s\u00f6nd\u00fcr\u00fcld\u00fc. Yang\u0131n\u0131n \u00e7\u0131k\u0131\u015f sebebi ara\u015ft\u0131r\u0131l\u0131yor.<br \/>\n<br \/>\u00d6te yandan yang\u0131n b\u00f6lgesine gelen G\u00f6lhisar Kaymakam\u0131 Emre Cif\u00e7i, \u0130l Jandarma Komutan\u0131 Mehmet Balc\u0131 ve G\u00f6lhisar Belediye Ba\u015fkan\u0131 \u0130brahim Sertba\u015f, sahada incelemelerde bulunarak yetkililerden bilgi ald\u0131. G\u00f6lhisar Belediye Ba\u015fkan\u0131 \u0130brahim Sertba\u015f, yang\u0131n sonras\u0131 sosyal medya hesab\u0131 \u00fczerinden yapt\u0131\u011f\u0131 a\u00e7\u0131klamada, &#8220;Ekiplerimizin \u00f6zverili \u00e7al\u0131\u015fmalar\u0131 sayesinde yang\u0131n 5 saat sonunda kontrol alt\u0131na al\u0131nd\u0131. Do\u011fal ya\u015fam alanlar\u0131m\u0131z \u00e7ok k\u0131ymetli, hepimiz daha dikkatli olmal\u0131y\u0131z&#8221; ifadelerini kulland\u0131.<br \/>\n<br \/>\u00c7evrede pani\u011fe neden olan yang\u0131n\u0131n \u00e7\u0131k\u0131\u015f sebebine ili\u015fkin inceleme ba\u015flat\u0131l\u0131rken, yetkililer vatanda\u015flar\u0131 yang\u0131n tehlikelerine kar\u015f\u0131 dikkatli olmaya davet etti. Yamad\u0131 G\u00f6l\u00fc\u2019ndeki sazl\u0131k alanda bir hafta \u00f6nce de yang\u0131n \u00e7\u0131km\u0131\u015f, ekiplerin uzun u\u011fra\u015flar\u0131 sonucu 4 saatte s\u00f6nd\u00fcr\u00fclm\u00fc\u015ft\u00fc.<br \/><\/p>\n","protected":false},"excerpt":{"rendered":"<p>Burdur\u2019un G\u00f6lhisar il\u00e7esinde bulunan ve b\u00f6lgedeki \u00f6nemli sulak alanlar\u0131ndan biri olan Yamad\u0131 G\u00f6l\u00fc\u2019nde bir hafta i\u00e7inde ikinci kez \u00e7\u0131kan sazl\u0131k yang\u0131n\u0131, ekiplerin 5 saat s\u00fcren m\u00fcdahalesiyle kontrol alt\u0131na al\u0131nd\u0131. Burdur\u2019un G\u00f6lhisar il\u00e7esinde bulunan ve bir\u00e7ok canl\u0131ya ev sahipli\u011fi yapan Yamad\u0131 G\u00f6l\u00fc\u2019nde ki sazl\u0131k alanda saat 16.00 s\u0131ralar\u0131nda hen\u00fcz belirlenemeyen bir sebeple yang\u0131n \u00e7\u0131kt\u0131. R\u00fczgar\u0131n da&#8230;<\/p>\n","protected":false},"author":1,"featured_media":19449,"comment_status":"open","ping_status":"open","sticky":false,"template":"","format":"standard","meta":{"_crdt_document":"","footnotes":""},"categories":[5],"tags":[],"class_list":["post-19448","post","type-post","status-publish","format-standard","has-post-thumbnail","hentry","category-asayis"],"_links":{"self":[{"href":"https:\/\/www.egemtv.com\/index.php?rest_route=\/wp\/v2\/posts\/19448","targetHints":{"allow":["GET"]}}],"collection":[{"href":"https:\/\/www.egemtv.com\/index.php?rest_route=\/wp\/v2\/posts"}],"about":[{"href":"https:\/\/www.egemtv.com\/index.php?rest_route=\/wp\/v2\/types\/post"}],"author":[{"embeddable":true,"href":"https:\/\/www.egemtv.com\/index.php?rest_route=\/wp\/v2\/users\/1"}],"replies":[{"embeddable":true,"href":"https:\/\/www.egemtv.com\/index.php?rest_route=%2Fwp%2Fv2%2Fcomments&post=19448"}],"version-history":[{"count":1,"href":"https:\/\/www.egemtv.com\/index.php?rest_route=\/wp\/v2\/posts\/19448\/revisions"}],"predecessor-version":[{"id":19450,"href":"https:\/\/www.egemtv.com\/index.php?rest_route=\/wp\/v2\/posts\/19448\/revisions\/19450"}],"wp:featuredmedia":[{"embeddable":true,"href":"https:\/\/www.egemtv.com\/index.php?rest_route=\/wp\/v2\/media\/19449"}],"wp:attachment":[{"href":"https:\/\/www.egemtv.com\/index.php?rest_route=%2Fwp%2Fv2%2Fmedia&parent=19448"}],"wp:term":[{"taxonomy":"category","embeddable":true,"href":"https:\/\/www.egemtv.com\/index.php?rest_route=%2Fwp%2Fv2%2Fcategories&post=19448"},{"taxonomy":"post_tag","embeddable":true,"href":"https:\/\/www.egemtv.com\/index.php?rest_route=%2Fwp%2Fv2%2Ftags&post=19448"}],"curies":[{"name":"wp","href":"https:\/\/api.w.org\/{rel}","templated":true}]}}