{"id":19442,"date":"2025-02-16T20:58:45","date_gmt":"2025-02-16T17:58:45","guid":{"rendered":"https:\/\/www.egemtv.com\/?p=19442"},"modified":"2025-02-16T20:58:50","modified_gmt":"2025-02-16T17:58:50","slug":"cesme-belediyespor-sahasinda-4-1-galip","status":"publish","type":"post","link":"https:\/\/www.egemtv.com\/?p=19442","title":{"rendered":"\u00c7e\u015fme Belediyespor, sahas\u0131nda 4-1 galip"},"content":{"rendered":"<p>B\u00f6lgesel Amat\u00f6r Lig 7. Grup\u2019ta m\u00fccadele eden \u00c7e\u015fme Belediyespor, sahas\u0131nda Sarayk\u00f6yspor\u2019u\u00a04-1 ma\u011flup etti.<br \/>\n<br \/>\u00c7e\u015fme Belediyespor, ligin 18. ma\u00e7\u0131nda Sarayk\u00f6yspor\u2019u\u00a0konuk etti. Ma\u00e7\u0131n ilk yar\u0131s\u0131 gols\u00fcz beraberlikle sonu\u00e7lan\u0131rken, Ma\u00e7\u0131n ikinci yar\u0131s\u0131nda, \u00c7e\u015fme Belediyespor, elde etti\u011fi penalt\u0131y\u0131, 48. dakikada Bartu Umut\u2019un gole \u00e7evirmesiyle 1-0 \u00f6ne ge\u00e7ti.\u00a0 Penalt\u0131 gol\u00fcn\u00fcn ard\u0131ndan 50. dakikada Sarayk\u00f6yspor oyuncusu Berk Sara\u00e7\u2019\u0131n\u00a0att\u0131\u011f\u0131 golle ma\u00e7\u0131n skoru 1-1 oldu. Penalt\u0131y\u0131\u00a0gole \u00e7eviren \u00c7e\u015fme Belediyespor oyuncusu Bartu Umut, 70. dakikada att\u0131\u011f\u0131 golle tak\u0131m\u0131n\u0131 2-1 \u00f6ne ge\u00e7irdi.<br \/>\n<br \/>\u00c7e\u015fme Belediyespor, 74. dakikada Furkan Ba\u015fkal ve 88. dakikada Ethem Eren Vardar\u2019\u0131n\u00a0att\u0131\u011f\u0131 gollerle ma\u00e7\u0131 4-1 kazanarak puan kayb\u0131na son verdi.<br \/>\n<br \/>\u00c7e\u015fme Belediyespor, elde etti\u011fi 3 puanla, lig s\u0131ralamas\u0131nda 15 puanla 14. s\u0131rada yer ald\u0131.<br \/>\n<br \/>\u00c7e\u015fme Belediyespor, 23 \u015eubat Pazar g\u00fcn\u00fc saat 14.00\u2019te Ortaca Belediyespor ile kar\u015f\u0131la\u015facak.<br \/><\/p>\n","protected":false},"excerpt":{"rendered":"<p>B\u00f6lgesel Amat\u00f6r Lig 7. Grup\u2019ta m\u00fccadele eden \u00c7e\u015fme Belediyespor, sahas\u0131nda Sarayk\u00f6yspor\u2019u\u00a04-1 ma\u011flup etti. \u00c7e\u015fme Belediyespor, ligin 18. ma\u00e7\u0131nda Sarayk\u00f6yspor\u2019u\u00a0konuk etti. Ma\u00e7\u0131n ilk yar\u0131s\u0131 gols\u00fcz beraberlikle sonu\u00e7lan\u0131rken, Ma\u00e7\u0131n ikinci yar\u0131s\u0131nda, \u00c7e\u015fme Belediyespor, elde etti\u011fi penalt\u0131y\u0131, 48. dakikada Bartu Umut\u2019un gole \u00e7evirmesiyle 1-0 \u00f6ne ge\u00e7ti.\u00a0 Penalt\u0131 gol\u00fcn\u00fcn ard\u0131ndan 50. dakikada Sarayk\u00f6yspor oyuncusu Berk Sara\u00e7\u2019\u0131n\u00a0att\u0131\u011f\u0131 golle ma\u00e7\u0131n skoru&#8230;<\/p>\n","protected":false},"author":1,"featured_media":19443,"comment_status":"open","ping_status":"open","sticky":false,"template":"","format":"standard","meta":{"_crdt_document":"","footnotes":""},"categories":[4],"tags":[],"class_list":["post-19442","post","type-post","status-publish","format-standard","has-post-thumbnail","hentry","category-spor"],"_links":{"self":[{"href":"https:\/\/www.egemtv.com\/index.php?rest_route=\/wp\/v2\/posts\/19442","targetHints":{"allow":["GET"]}}],"collection":[{"href":"https:\/\/www.egemtv.com\/index.php?rest_route=\/wp\/v2\/posts"}],"about":[{"href":"https:\/\/www.egemtv.com\/index.php?rest_route=\/wp\/v2\/types\/post"}],"author":[{"embeddable":true,"href":"https:\/\/www.egemtv.com\/index.php?rest_route=\/wp\/v2\/users\/1"}],"replies":[{"embeddable":true,"href":"https:\/\/www.egemtv.com\/index.php?rest_route=%2Fwp%2Fv2%2Fcomments&post=19442"}],"version-history":[{"count":1,"href":"https:\/\/www.egemtv.com\/index.php?rest_route=\/wp\/v2\/posts\/19442\/revisions"}],"predecessor-version":[{"id":19444,"href":"https:\/\/www.egemtv.com\/index.php?rest_route=\/wp\/v2\/posts\/19442\/revisions\/19444"}],"wp:featuredmedia":[{"embeddable":true,"href":"https:\/\/www.egemtv.com\/index.php?rest_route=\/wp\/v2\/media\/19443"}],"wp:attachment":[{"href":"https:\/\/www.egemtv.com\/index.php?rest_route=%2Fwp%2Fv2%2Fmedia&parent=19442"}],"wp:term":[{"taxonomy":"category","embeddable":true,"href":"https:\/\/www.egemtv.com\/index.php?rest_route=%2Fwp%2Fv2%2Fcategories&post=19442"},{"taxonomy":"post_tag","embeddable":true,"href":"https:\/\/www.egemtv.com\/index.php?rest_route=%2Fwp%2Fv2%2Ftags&post=19442"}],"curies":[{"name":"wp","href":"https:\/\/api.w.org\/{rel}","templated":true}]}}