{"id":19430,"date":"2025-02-16T19:01:06","date_gmt":"2025-02-16T16:01:06","guid":{"rendered":"https:\/\/www.egemtv.com\/?p=19430"},"modified":"2025-02-16T19:01:11","modified_gmt":"2025-02-16T16:01:11","slug":"mentesede-korkutan-ev-yangini","status":"publish","type":"post","link":"https:\/\/www.egemtv.com\/?p=19430","title":{"rendered":"Mente\u015fe\u2019de korkutan ev yang\u0131n\u0131"},"content":{"rendered":"<p>Mu\u011fla\u2019n\u0131n Mente\u015fe il\u00e7esinde \u00e7\u0131k\u0131\u015f sebebi hen\u00fcz tespit edilemeyen ev yang\u0131n\u0131nda ev tamamen yanarak kullan\u0131lmaz hale geldi.<br \/>\n<br \/>Mente\u015fe il\u00e7e Muslihittin Mahallesi \u0130meceler Sokakta bulunan tek katl\u0131 evde dumanlar\u0131n \u00e7\u0131kmas\u0131 \u00fczerine 112 Acil \u00c7a\u011fr\u0131 Merkezine bilgi verildi. Olay yerine Mu\u011fla B\u00fcy\u00fck\u015fehir Belediyesi Mente\u015fe \u0130tfaiye, 112 ambulans ve polis ekipleri sevk edildi. \u00c7\u0131k\u0131\u015f nedeni hen\u00fcz belirlenemeyen yang\u0131na itfaiye ekipleri m\u00fcdahale etti.<br \/>\n<br \/>Yap\u0131lan t\u00fcm m\u00fcdahaleye ra\u011fmen ah\u015fap \u00e7at\u0131 katl\u0131 bina yang\u0131n sonras\u0131 kullan\u0131lmaz hale geldi. \u0130tfaiye ekipleri yanan evde so\u011futma \u00e7al\u0131\u015fmas\u0131 yaparken, yang\u0131n esnas\u0131nda evde kimsenin bulunmad\u0131\u011f\u0131 \u00f6\u011frenildi. Yang\u0131n esnas\u0131nda evdeki beyaz ve mobilya e\u015fyalar\u0131 kullan\u0131lmaz hale geldi.<br \/><\/p>\n","protected":false},"excerpt":{"rendered":"<p>Mu\u011fla\u2019n\u0131n Mente\u015fe il\u00e7esinde \u00e7\u0131k\u0131\u015f sebebi hen\u00fcz tespit edilemeyen ev yang\u0131n\u0131nda ev tamamen yanarak kullan\u0131lmaz hale geldi. Mente\u015fe il\u00e7e Muslihittin Mahallesi \u0130meceler Sokakta bulunan tek katl\u0131 evde dumanlar\u0131n \u00e7\u0131kmas\u0131 \u00fczerine 112 Acil \u00c7a\u011fr\u0131 Merkezine bilgi verildi. Olay yerine Mu\u011fla B\u00fcy\u00fck\u015fehir Belediyesi Mente\u015fe \u0130tfaiye, 112 ambulans ve polis ekipleri sevk edildi. \u00c7\u0131k\u0131\u015f nedeni hen\u00fcz belirlenemeyen yang\u0131na itfaiye&#8230;<\/p>\n","protected":false},"author":1,"featured_media":19431,"comment_status":"open","ping_status":"open","sticky":false,"template":"","format":"standard","meta":{"_crdt_document":"","footnotes":""},"categories":[5],"tags":[],"class_list":["post-19430","post","type-post","status-publish","format-standard","has-post-thumbnail","hentry","category-asayis"],"_links":{"self":[{"href":"https:\/\/www.egemtv.com\/index.php?rest_route=\/wp\/v2\/posts\/19430","targetHints":{"allow":["GET"]}}],"collection":[{"href":"https:\/\/www.egemtv.com\/index.php?rest_route=\/wp\/v2\/posts"}],"about":[{"href":"https:\/\/www.egemtv.com\/index.php?rest_route=\/wp\/v2\/types\/post"}],"author":[{"embeddable":true,"href":"https:\/\/www.egemtv.com\/index.php?rest_route=\/wp\/v2\/users\/1"}],"replies":[{"embeddable":true,"href":"https:\/\/www.egemtv.com\/index.php?rest_route=%2Fwp%2Fv2%2Fcomments&post=19430"}],"version-history":[{"count":1,"href":"https:\/\/www.egemtv.com\/index.php?rest_route=\/wp\/v2\/posts\/19430\/revisions"}],"predecessor-version":[{"id":19432,"href":"https:\/\/www.egemtv.com\/index.php?rest_route=\/wp\/v2\/posts\/19430\/revisions\/19432"}],"wp:featuredmedia":[{"embeddable":true,"href":"https:\/\/www.egemtv.com\/index.php?rest_route=\/wp\/v2\/media\/19431"}],"wp:attachment":[{"href":"https:\/\/www.egemtv.com\/index.php?rest_route=%2Fwp%2Fv2%2Fmedia&parent=19430"}],"wp:term":[{"taxonomy":"category","embeddable":true,"href":"https:\/\/www.egemtv.com\/index.php?rest_route=%2Fwp%2Fv2%2Fcategories&post=19430"},{"taxonomy":"post_tag","embeddable":true,"href":"https:\/\/www.egemtv.com\/index.php?rest_route=%2Fwp%2Fv2%2Ftags&post=19430"}],"curies":[{"name":"wp","href":"https:\/\/api.w.org\/{rel}","templated":true}]}}