{"id":19424,"date":"2025-02-16T18:51:20","date_gmt":"2025-02-16T15:51:20","guid":{"rendered":"https:\/\/www.egemtv.com\/?p=19424"},"modified":"2025-02-16T18:51:30","modified_gmt":"2025-02-16T15:51:30","slug":"ciftlikte-cikan-yanginda-bin-adet-saman-balyasi-kul-oldu","status":"publish","type":"post","link":"https:\/\/www.egemtv.com\/?p=19424","title":{"rendered":"\u00c7iftlikte \u00e7\u0131kan yang\u0131nda bin adet saman balyas\u0131 k\u00fcl oldu"},"content":{"rendered":"<p>Burdur\u2019un Bucak il\u00e7esinde bir \u00e7iftlikte \u00e7\u0131kan yang\u0131nda bin adet saman balyas\u0131 yanarak k\u00fcl oldu.<br \/>\n<br \/>Edinilen bilgilere g\u00f6re, Barbaros Mahallesi\u2019nde Mustafa D.\u2019ye ait \u00e7iftlikte hen\u00fcz belirlenemeyen bir nedenle yang\u0131n \u00e7\u0131kt\u0131. Yang\u0131n\u0131 fark eden vatanda\u015flar\u0131n ihbar\u0131 \u00fczerine olay yerine itfaiye ve polis ekipleri sevk edildi. \u0130tfaiye ekiplerinin m\u00fcdahalesi ile kontrol alt\u0131na al\u0131nan yang\u0131nda bin adet saman balyas\u0131 k\u00fcl oldu.<br \/>\n<br \/>Yang\u0131n\u0131n \u00e7\u0131k\u0131\u015f nedeni ara\u015ft\u0131r\u0131l\u0131yor.<br \/><\/p>\n","protected":false},"excerpt":{"rendered":"<p>Burdur\u2019un Bucak il\u00e7esinde bir \u00e7iftlikte \u00e7\u0131kan yang\u0131nda bin adet saman balyas\u0131 yanarak k\u00fcl oldu. Edinilen bilgilere g\u00f6re, Barbaros Mahallesi\u2019nde Mustafa D.\u2019ye ait \u00e7iftlikte hen\u00fcz belirlenemeyen bir nedenle yang\u0131n \u00e7\u0131kt\u0131. Yang\u0131n\u0131 fark eden vatanda\u015flar\u0131n ihbar\u0131 \u00fczerine olay yerine itfaiye ve polis ekipleri sevk edildi. \u0130tfaiye ekiplerinin m\u00fcdahalesi ile kontrol alt\u0131na al\u0131nan yang\u0131nda bin adet saman balyas\u0131&#8230;<\/p>\n","protected":false},"author":1,"featured_media":19425,"comment_status":"open","ping_status":"open","sticky":false,"template":"","format":"standard","meta":{"_crdt_document":"","footnotes":""},"categories":[5],"tags":[],"class_list":["post-19424","post","type-post","status-publish","format-standard","has-post-thumbnail","hentry","category-asayis"],"_links":{"self":[{"href":"https:\/\/www.egemtv.com\/index.php?rest_route=\/wp\/v2\/posts\/19424","targetHints":{"allow":["GET"]}}],"collection":[{"href":"https:\/\/www.egemtv.com\/index.php?rest_route=\/wp\/v2\/posts"}],"about":[{"href":"https:\/\/www.egemtv.com\/index.php?rest_route=\/wp\/v2\/types\/post"}],"author":[{"embeddable":true,"href":"https:\/\/www.egemtv.com\/index.php?rest_route=\/wp\/v2\/users\/1"}],"replies":[{"embeddable":true,"href":"https:\/\/www.egemtv.com\/index.php?rest_route=%2Fwp%2Fv2%2Fcomments&post=19424"}],"version-history":[{"count":1,"href":"https:\/\/www.egemtv.com\/index.php?rest_route=\/wp\/v2\/posts\/19424\/revisions"}],"predecessor-version":[{"id":19428,"href":"https:\/\/www.egemtv.com\/index.php?rest_route=\/wp\/v2\/posts\/19424\/revisions\/19428"}],"wp:featuredmedia":[{"embeddable":true,"href":"https:\/\/www.egemtv.com\/index.php?rest_route=\/wp\/v2\/media\/19425"}],"wp:attachment":[{"href":"https:\/\/www.egemtv.com\/index.php?rest_route=%2Fwp%2Fv2%2Fmedia&parent=19424"}],"wp:term":[{"taxonomy":"category","embeddable":true,"href":"https:\/\/www.egemtv.com\/index.php?rest_route=%2Fwp%2Fv2%2Fcategories&post=19424"},{"taxonomy":"post_tag","embeddable":true,"href":"https:\/\/www.egemtv.com\/index.php?rest_route=%2Fwp%2Fv2%2Ftags&post=19424"}],"curies":[{"name":"wp","href":"https:\/\/api.w.org\/{rel}","templated":true}]}}